{"id":15879,"date":"2026-09-01T16:11:10","date_gmt":"2026-09-01T19:11:10","guid":{"rendered":"https:\/\/www.nextmultimedio.com\/?p=15879"},"modified":"2026-09-01T16:11:11","modified_gmt":"2026-09-01T19:11:11","slug":"motociclista-trasladado-al-hospital-tras-accidente","status":"publish","type":"post","link":"https:\/\/www.nextmultimedio.com\/?p=15879","title":{"rendered":"MOTOCICLISTA TRASLADADO AL HOSPITAL TRAS ACCIDENTE"},"content":{"rendered":"\n<p class=\"wp-block-paragraph\">_Durante la madrugada, personal policial intervino en un accidente de tr\u00e1nsito ocurrido en calle Roma, en barrio Carlos Paz Sierra, de Villa Carlos Paz_<\/p>\n\n\n\n<p class=\"wp-block-paragraph\">Por causas que son materia de investigaci\u00f3n, una motocicleta Corven 150 cc, conducida por un hombre de 39 a\u00f1os, fue colisionada por una Toyota Hilux, al mando de un hombre de 65 a\u00f1os.<\/p>\n\n\n\n<p class=\"wp-block-paragraph\">Tras el impacto, se hizo presente en el lugar un servicio de emergencias, que asisti\u00f3 al conductor de la motocicleta y constat\u00f3 que presentaba politraumatismos.<\/p>\n\n\n\n<p class=\"wp-block-paragraph\">Ante esta situaci\u00f3n, el motociclista fue trasladado al Hospital Municipal Dr. Gumersindo Sayago para recibir la correspondiente atenci\u00f3n m\u00e9dica.<\/p>\n\n\n\n<p class=\"wp-block-paragraph\">Ver menos<\/p>\n\n\n\n<p class=\"wp-block-paragraph\"><a href=\"https:\/\/www.facebook.com\/photo\/?fbid=1694970952634074&amp;set=a.356501556481027&amp;__cft__[0]=AZjx4eJpU87E9W9iomvxC0wgo7Thp6tslmv-uDXDbIHWygNsv8HHPLzruM8s2me63sn_SOLyOPJYmzqrfjqwmYvnioFbZT_mDk49g8S5B1csxeDxFikY6FAWLChLkbRgwoV3T23wGVOYmskXmN0Mc7gyDz0eQfk8DO9q-lCkKmauCaZQbOkjUw7C5sk&amp;__tn__=EH-R\">Puede ser una imagen de moto y texto<\/a><\/p>\n\n\n\n<figure class=\"wp-block-image size-full\"><img loading=\"lazy\" decoding=\"async\" width=\"526\" height=\"526\" src=\"https:\/\/www.nextmultimedio.com\/wp-content\/uploads\/2026\/09\/image-1.jpeg\" alt=\"\" class=\"wp-image-15880\" srcset=\"https:\/\/www.nextmultimedio.com\/wp-content\/uploads\/2026\/09\/image-1.jpeg 526w, https:\/\/www.nextmultimedio.com\/wp-content\/uploads\/2026\/09\/image-1-300x300.jpeg 300w\" sizes=\"auto, (max-width: 526px) 100vw, 526px\" \/><\/figure>\n","protected":false},"excerpt":{"rendered":"<p>_Durante la madrugada, personal policial intervino en un accidente de tr\u00e1nsito ocurrido en calle Roma, en barrio Carlos Paz Sierra, de Villa Carlos Paz_ Por causas que son materia de investigaci\u00f3n, una motocicleta Corven 150 cc, conducida por un hombre de 39 a\u00f1os, fue colisionada por una Toyota Hilux, al mando de un hombre de [&hellip;]<\/p>\n","protected":false},"author":1,"featured_media":15880,"comment_status":"closed","ping_status":"closed","sticky":false,"template":"","format":"standard","meta":{"footnotes":""},"categories":[69],"tags":[345],"class_list":["post-15879","post","type-post","status-publish","format-standard","has-post-thumbnail","hentry","category-noticias","tag-destacar"],"_links":{"self":[{"href":"https:\/\/www.nextmultimedio.com\/index.php?rest_route=\/wp\/v2\/posts\/15879","targetHints":{"allow":["GET"]}}],"collection":[{"href":"https:\/\/www.nextmultimedio.com\/index.php?rest_route=\/wp\/v2\/posts"}],"about":[{"href":"https:\/\/www.nextmultimedio.com\/index.php?rest_route=\/wp\/v2\/types\/post"}],"author":[{"embeddable":true,"href":"https:\/\/www.nextmultimedio.com\/index.php?rest_route=\/wp\/v2\/users\/1"}],"replies":[{"embeddable":true,"href":"https:\/\/www.nextmultimedio.com\/index.php?rest_route=%2Fwp%2Fv2%2Fcomments&post=15879"}],"version-history":[{"count":1,"href":"https:\/\/www.nextmultimedio.com\/index.php?rest_route=\/wp\/v2\/posts\/15879\/revisions"}],"predecessor-version":[{"id":15881,"href":"https:\/\/www.nextmultimedio.com\/index.php?rest_route=\/wp\/v2\/posts\/15879\/revisions\/15881"}],"wp:featuredmedia":[{"embeddable":true,"href":"https:\/\/www.nextmultimedio.com\/index.php?rest_route=\/wp\/v2\/media\/15880"}],"wp:attachment":[{"href":"https:\/\/www.nextmultimedio.com\/index.php?rest_route=%2Fwp%2Fv2%2Fmedia&parent=15879"}],"wp:term":[{"taxonomy":"category","embeddable":true,"href":"https:\/\/www.nextmultimedio.com\/index.php?rest_route=%2Fwp%2Fv2%2Fcategories&post=15879"},{"taxonomy":"post_tag","embeddable":true,"href":"https:\/\/www.nextmultimedio.com\/index.php?rest_route=%2Fwp%2Fv2%2Ftags&post=15879"}],"curies":[{"name":"wp","href":"https:\/\/api.w.org\/{rel}","templated":true}]}}