{"id":15873,"date":"2026-08-31T16:24:40","date_gmt":"2026-08-31T19:24:40","guid":{"rendered":"https:\/\/www.nextmultimedio.com\/?p=15873"},"modified":"2026-08-31T16:24:41","modified_gmt":"2026-08-31T19:24:41","slug":"nivel-primario-abrieron-las-preinscripciones-a-1o-grado-del-ciclo-lectivo-2027","status":"publish","type":"post","link":"https:\/\/www.nextmultimedio.com\/?p=15873","title":{"rendered":"NIVEL PRIMARIO: ABRIERON LAS PREINSCRIPCIONES A 1\u00ba GRADO DEL CICLO LECTIVO 2027"},"content":{"rendered":"\n<ul class=\"wp-block-list\">\n<li><strong>Desde el 31 de agosto y hasta el 21 de septiembre, las familias podr\u00e1n realizar la preinscripci\u00f3n en escuelas de gesti\u00f3n estatal.<\/strong><\/li>\n\n\n\n<li><strong>El tr\u00e1mite se realiza de manera online a trav\u00e9s de Ciudadano Digital (CiDi).<\/strong><\/li>\n<\/ul>\n\n\n\n<p class=\"wp-block-paragraph\">El Ministerio de Educaci\u00f3n de C\u00f3rdoba informa que este lunes comienza el per\u00edodo de preinscripciones para ingresantes a 1.\u00ba grado del Nivel Primario en instituciones educativas de gesti\u00f3n estatal, correspondiente al ciclo lectivo 2027. El tr\u00e1mite permanecer\u00e1 habilitado hasta el 21 de septiembre.<\/p>\n\n\n\n<p class=\"wp-block-paragraph\">La preinscripci\u00f3n se realiza de manera online mediante la plataforma Ciudadano Digital (CiDi), a trav\u00e9s del Formulario \u00danico de Postulantes (FUP).<\/p>\n\n\n\n<p class=\"wp-block-paragraph\">La persona adulta responsable deber\u00e1 ingresar con su cuenta de CiDi y completar el formulario con los datos del estudiante que ingresar\u00e1 a 1.\u00ba grado.<\/p>\n\n\n\n<p class=\"wp-block-paragraph\">Ingres\u00e1 al formulario desde aqu\u00ed:&nbsp;<a href=\"https:\/\/formularioinscripcion.cba.gov.ar\/\">https:\/\/formularioinscripcion.cba.gov.ar\/<\/a><\/p>\n\n\n\n<p class=\"wp-block-paragraph\">Al momento de realizar la preinscripci\u00f3n, se deber\u00e1n seleccionar un m\u00ednimo de 2 y un m\u00e1ximo de 4 establecimientos educativos, estableciendo un orden de prioridad y eligiendo el turno, en caso de que la instituci\u00f3n cuente con m\u00e1s de una opci\u00f3n.<\/p>\n\n\n\n<p class=\"wp-block-paragraph\">Para facilitar la elecci\u00f3n de las instituciones, las familias pueden consultar el Mapa de Ofertas Educativas, que permite conocer las escuelas disponibles y localizar aquellas cercanas al domicilio. Pod\u00e9s visualizar los establecimientos educativos en:&nbsp;<a href=\"https:\/\/mapascordoba.gob.ar\/viewer\/mapa\/77\">https:\/\/mapascordoba.gob.ar\/viewer\/mapa\/77<\/a><\/p>\n\n\n\n<p class=\"wp-block-paragraph\">Una vez completado el tr\u00e1mite, la persona responsable recibir\u00e1 una constancia en el correo electr\u00f3nico registrado en su cuenta de CiDi.<\/p>\n\n\n\n<p class=\"wp-block-paragraph\">Es importante recordar que el formulario debe completarse con los datos del estudiante que ingresa a 1.\u00ba grado y no con los datos de la persona adulta responsable.<\/p>\n\n\n\n<p class=\"wp-block-paragraph\">Los resultados correspondientes a quienes hayan realizado la preinscripci\u00f3n durante este primer llamado estar\u00e1n disponibles en la cuenta de CiDi a partir del 28 de septiembre.<\/p>\n\n\n\n<p class=\"wp-block-paragraph\">En aquellos casos en que el estudiante no obtenga un cupo en ninguna de las instituciones seleccionadas y permanezca en condici\u00f3n \u201cEn Espera\u201d, la familia podr\u00e1 comunicarse con la supervisi\u00f3n escolar correspondiente para recibir orientaci\u00f3n y acompa\u00f1amiento.<\/p>\n\n\n\n<p class=\"wp-block-paragraph\">Toda la informaci\u00f3n, instructivos, tutoriales y acceso al formulario se encuentra disponible en:&nbsp;<a href=\"https:\/\/www.igualdadycalidadcba.gov.ar\/\">https:\/\/www.igualdadycalidadcba.gov.ar\/<\/a><\/p>\n\n\n\n<h2 class=\"wp-block-heading\">Acompa\u00f1amiento a las familias<\/h2>\n\n\n\n<p class=\"wp-block-paragraph\">El proceso de preinscripci\u00f3n cuenta con distintos canales de acompa\u00f1amiento para facilitar la realizaci\u00f3n del tr\u00e1mite. Los municipios y comunas, a trav\u00e9s de las Coordinaciones Locales de Educaci\u00f3n (CLE), acompa\u00f1ar\u00e1n a las familias que necesiten orientaci\u00f3n para completar el proceso.<\/p>\n\n\n\n<p class=\"wp-block-paragraph\">Adem\u00e1s, estar\u00e1n disponibles los canales de atenci\u00f3n del Gobierno de C\u00f3rdoba:<br>Chat online: lunes a viernes, de 8 a 20 h.&nbsp;<a href=\"https:\/\/www.cba.gov.ar\/ciudadano\/webchat\/\">https:\/\/www.cba.gov.ar\/ciudadano\/webchat\/<\/a><br>L\u00ednea gratuita: 0800 888 1234, de lunes a viernes, de 8 a 20 horas.<\/p>\n\n\n\n<p class=\"wp-block-paragraph\">Tambi\u00e9n se encuentran disponibles Centros de Atenci\u00f3n al Ciudadano para aquellas personas que no cuenten con acceso a internet, dispositivos electr\u00f3nicos o tienen dudas y\/o consultas:&nbsp;<a href=\"https:\/\/www.cba.gov.ar\/espacio-ciudadanos\/centros-de-atencion-al-ciudadano\/\">https:\/\/www.cba.gov.ar\/espacio-ciudadanos\/centros-de-atencion-al-ciudadano\/<\/a><\/p>\n","protected":false},"excerpt":{"rendered":"<p>El Ministerio de Educaci\u00f3n de C\u00f3rdoba informa que este lunes comienza el per\u00edodo de preinscripciones para ingresantes a 1.\u00ba grado del Nivel Primario en instituciones educativas de gesti\u00f3n estatal, correspondiente al ciclo lectivo 2027. El tr\u00e1mite permanecer\u00e1 habilitado hasta el 21 de septiembre. La preinscripci\u00f3n se realiza de manera online mediante la plataforma Ciudadano Digital [&hellip;]<\/p>\n","protected":false},"author":1,"featured_media":15874,"comment_status":"closed","ping_status":"closed","sticky":false,"template":"","format":"standard","meta":{"footnotes":""},"categories":[69],"tags":[345],"class_list":["post-15873","post","type-post","status-publish","format-standard","has-post-thumbnail","hentry","category-noticias","tag-destacar"],"_links":{"self":[{"href":"https:\/\/www.nextmultimedio.com\/index.php?rest_route=\/wp\/v2\/posts\/15873","targetHints":{"allow":["GET"]}}],"collection":[{"href":"https:\/\/www.nextmultimedio.com\/index.php?rest_route=\/wp\/v2\/posts"}],"about":[{"href":"https:\/\/www.nextmultimedio.com\/index.php?rest_route=\/wp\/v2\/types\/post"}],"author":[{"embeddable":true,"href":"https:\/\/www.nextmultimedio.com\/index.php?rest_route=\/wp\/v2\/users\/1"}],"replies":[{"embeddable":true,"href":"https:\/\/www.nextmultimedio.com\/index.php?rest_route=%2Fwp%2Fv2%2Fcomments&post=15873"}],"version-history":[{"count":1,"href":"https:\/\/www.nextmultimedio.com\/index.php?rest_route=\/wp\/v2\/posts\/15873\/revisions"}],"predecessor-version":[{"id":15875,"href":"https:\/\/www.nextmultimedio.com\/index.php?rest_route=\/wp\/v2\/posts\/15873\/revisions\/15875"}],"wp:featuredmedia":[{"embeddable":true,"href":"https:\/\/www.nextmultimedio.com\/index.php?rest_route=\/wp\/v2\/media\/15874"}],"wp:attachment":[{"href":"https:\/\/www.nextmultimedio.com\/index.php?rest_route=%2Fwp%2Fv2%2Fmedia&parent=15873"}],"wp:term":[{"taxonomy":"category","embeddable":true,"href":"https:\/\/www.nextmultimedio.com\/index.php?rest_route=%2Fwp%2Fv2%2Fcategories&post=15873"},{"taxonomy":"post_tag","embeddable":true,"href":"https:\/\/www.nextmultimedio.com\/index.php?rest_route=%2Fwp%2Fv2%2Ftags&post=15873"}],"curies":[{"name":"wp","href":"https:\/\/api.w.org\/{rel}","templated":true}]}}