{"id":15853,"date":"2026-08-30T19:52:29","date_gmt":"2026-08-30T22:52:29","guid":{"rendered":"https:\/\/www.nextmultimedio.com\/?p=15853"},"modified":"2026-08-30T19:52:30","modified_gmt":"2026-08-30T22:52:30","slug":"gran-prix-de-voley-masculino-infantil","status":"publish","type":"post","link":"https:\/\/www.nextmultimedio.com\/?p=15853","title":{"rendered":"GRAN PRIX DE VOLEY MASCULINO INFANTIL"},"content":{"rendered":"\n<p class=\"wp-block-paragraph\">Con la participaci\u00f3n de equipos de diferentes puntos de la provincia, este domingo el Estadio Arena fue sede de un nuevo Gran Prix de V\u00f3ley Infantil categor\u00eda Sub12.<\/p>\n\n\n\n<p class=\"wp-block-paragraph\"><br>El equipo masculino Sub12, correspondiente al programa Familia Activa fue parte de este evento que cont\u00f3 con la organizaci\u00f3n del Gobierno de la Ciudad y la Federaci\u00f3n Cordobesa de V\u00f3ley.<\/p>\n","protected":false},"excerpt":{"rendered":"<p>Con la participaci\u00f3n de equipos de diferentes puntos de la provincia, este domingo el Estadio Arena fue sede de un nuevo Gran Prix de V\u00f3ley Infantil categor\u00eda Sub12. El equipo masculino Sub12, correspondiente al programa Familia Activa fue parte de este evento que cont\u00f3 con la organizaci\u00f3n del Gobierno de la Ciudad y la Federaci\u00f3n [&hellip;]<\/p>\n","protected":false},"author":1,"featured_media":15854,"comment_status":"closed","ping_status":"closed","sticky":false,"template":"","format":"standard","meta":{"footnotes":""},"categories":[69],"tags":[345],"class_list":["post-15853","post","type-post","status-publish","format-standard","has-post-thumbnail","hentry","category-noticias","tag-destacar"],"_links":{"self":[{"href":"https:\/\/www.nextmultimedio.com\/index.php?rest_route=\/wp\/v2\/posts\/15853","targetHints":{"allow":["GET"]}}],"collection":[{"href":"https:\/\/www.nextmultimedio.com\/index.php?rest_route=\/wp\/v2\/posts"}],"about":[{"href":"https:\/\/www.nextmultimedio.com\/index.php?rest_route=\/wp\/v2\/types\/post"}],"author":[{"embeddable":true,"href":"https:\/\/www.nextmultimedio.com\/index.php?rest_route=\/wp\/v2\/users\/1"}],"replies":[{"embeddable":true,"href":"https:\/\/www.nextmultimedio.com\/index.php?rest_route=%2Fwp%2Fv2%2Fcomments&post=15853"}],"version-history":[{"count":1,"href":"https:\/\/www.nextmultimedio.com\/index.php?rest_route=\/wp\/v2\/posts\/15853\/revisions"}],"predecessor-version":[{"id":15855,"href":"https:\/\/www.nextmultimedio.com\/index.php?rest_route=\/wp\/v2\/posts\/15853\/revisions\/15855"}],"wp:featuredmedia":[{"embeddable":true,"href":"https:\/\/www.nextmultimedio.com\/index.php?rest_route=\/wp\/v2\/media\/15854"}],"wp:attachment":[{"href":"https:\/\/www.nextmultimedio.com\/index.php?rest_route=%2Fwp%2Fv2%2Fmedia&parent=15853"}],"wp:term":[{"taxonomy":"category","embeddable":true,"href":"https:\/\/www.nextmultimedio.com\/index.php?rest_route=%2Fwp%2Fv2%2Fcategories&post=15853"},{"taxonomy":"post_tag","embeddable":true,"href":"https:\/\/www.nextmultimedio.com\/index.php?rest_route=%2Fwp%2Fv2%2Ftags&post=15853"}],"curies":[{"name":"wp","href":"https:\/\/api.w.org\/{rel}","templated":true}]}}