{"id":15850,"date":"2026-08-30T19:49:20","date_gmt":"2026-08-30T22:49:20","guid":{"rendered":"https:\/\/www.nextmultimedio.com\/?p=15850"},"modified":"2026-08-30T19:49:21","modified_gmt":"2026-08-30T22:49:21","slug":"compromiso-ambiental-comunitario-jornada-de-limpieza-del-cerro-la-cruz","status":"publish","type":"post","link":"https:\/\/www.nextmultimedio.com\/?p=15850","title":{"rendered":"COMPROMISO AMBIENTAL COMUNITARIO: JORNADA DE LIMPIEZA DEL CERRO LA CRUZ"},"content":{"rendered":"\n<p class=\"wp-block-paragraph\">En el marco del Programa de Compromiso Ambiental Comunitario, este s\u00e1bado se realiz\u00f3 una nueva Jornada de limpieza del sendero y laderas del camino al Cerro de La Cruz.<\/p>\n\n\n\n<p class=\"wp-block-paragraph\"><br>Gu\u00edas del Cerro, instituciones, personal municipal y vecinos en general participaron de una jornada que tiene como objetivo cuidar nuestro ambiente, el \u00e1rea protegida y generar conciencia social sobre la importancia de mantener limpio el espacio que nos rodea.<\/p>\n","protected":false},"excerpt":{"rendered":"<p>En el marco del Programa de Compromiso Ambiental Comunitario, este s\u00e1bado se realiz\u00f3 una nueva Jornada de limpieza del sendero y laderas del camino al Cerro de La Cruz. Gu\u00edas del Cerro, instituciones, personal municipal y vecinos en general participaron de una jornada que tiene como objetivo cuidar nuestro ambiente, el \u00e1rea protegida y generar [&hellip;]<\/p>\n","protected":false},"author":1,"featured_media":15851,"comment_status":"closed","ping_status":"closed","sticky":false,"template":"","format":"standard","meta":{"footnotes":""},"categories":[69],"tags":[345],"class_list":["post-15850","post","type-post","status-publish","format-standard","has-post-thumbnail","hentry","category-noticias","tag-destacar"],"_links":{"self":[{"href":"https:\/\/www.nextmultimedio.com\/index.php?rest_route=\/wp\/v2\/posts\/15850","targetHints":{"allow":["GET"]}}],"collection":[{"href":"https:\/\/www.nextmultimedio.com\/index.php?rest_route=\/wp\/v2\/posts"}],"about":[{"href":"https:\/\/www.nextmultimedio.com\/index.php?rest_route=\/wp\/v2\/types\/post"}],"author":[{"embeddable":true,"href":"https:\/\/www.nextmultimedio.com\/index.php?rest_route=\/wp\/v2\/users\/1"}],"replies":[{"embeddable":true,"href":"https:\/\/www.nextmultimedio.com\/index.php?rest_route=%2Fwp%2Fv2%2Fcomments&post=15850"}],"version-history":[{"count":1,"href":"https:\/\/www.nextmultimedio.com\/index.php?rest_route=\/wp\/v2\/posts\/15850\/revisions"}],"predecessor-version":[{"id":15852,"href":"https:\/\/www.nextmultimedio.com\/index.php?rest_route=\/wp\/v2\/posts\/15850\/revisions\/15852"}],"wp:featuredmedia":[{"embeddable":true,"href":"https:\/\/www.nextmultimedio.com\/index.php?rest_route=\/wp\/v2\/media\/15851"}],"wp:attachment":[{"href":"https:\/\/www.nextmultimedio.com\/index.php?rest_route=%2Fwp%2Fv2%2Fmedia&parent=15850"}],"wp:term":[{"taxonomy":"category","embeddable":true,"href":"https:\/\/www.nextmultimedio.com\/index.php?rest_route=%2Fwp%2Fv2%2Fcategories&post=15850"},{"taxonomy":"post_tag","embeddable":true,"href":"https:\/\/www.nextmultimedio.com\/index.php?rest_route=%2Fwp%2Fv2%2Ftags&post=15850"}],"curies":[{"name":"wp","href":"https:\/\/api.w.org\/{rel}","templated":true}]}}