{"id":15847,"date":"2026-08-30T19:41:00","date_gmt":"2026-08-30T22:41:00","guid":{"rendered":"https:\/\/www.nextmultimedio.com\/?p=15847"},"modified":"2026-08-30T19:41:02","modified_gmt":"2026-08-30T22:41:02","slug":"cambio-de-sentido-de-circulacion-en-calle-paraguay-desde-el-lunes-31-de-agosto","status":"publish","type":"post","link":"https:\/\/www.nextmultimedio.com\/?p=15847","title":{"rendered":"CAMBIO DE SENTIDO DE CIRCULACI\u00d3N EN CALLE PARAGUAY DESDE EL LUNES 31 DE AGOSTO"},"content":{"rendered":"\n<p class=\"wp-block-paragraph\">La Municipalidad de Villa Carlos Paz informa que, luego de un trabajo planificado a trav\u00e9s del Observatorio Vial, se implementar\u00e1 un cambio en el sentido de circulaci\u00f3n de calle Paraguay, entre las calles Atenas y Kepler desde el pr\u00f3ximo lunes 31 de agosto.<br>A partir de esta modificaci\u00f3n, calle Paraguay tendr\u00e1 sentido \u00fanico de circulaci\u00f3n Norte-Sur en el tramo comprendido entre Atenas y Kepler.<\/p>\n\n\n\n<p class=\"wp-block-paragraph\"><br>La medida estar\u00e1 acompa\u00f1ada por la correspondiente se\u00f1alizaci\u00f3n vial vertical, con carteler\u00eda indicativa del nuevo sentido de circulaci\u00f3n y se\u00f1alizaci\u00f3n reglamentaria en las intersecciones correspondientes.<br>Se solicita a los vecinos y conductores circular con precauci\u00f3n, respetando las indicaciones.<br>Por cualquier consulta pod\u00e9s comunicarte al WhatsApp de Seguridad VCP 3541528817.<\/p>\n","protected":false},"excerpt":{"rendered":"<p>La Municipalidad de Villa Carlos Paz informa que, luego de un trabajo planificado a trav\u00e9s del Observatorio Vial, se implementar\u00e1 un cambio en el sentido de circulaci\u00f3n de calle Paraguay, entre las calles Atenas y Kepler desde el pr\u00f3ximo lunes 31 de agosto.A partir de esta modificaci\u00f3n, calle Paraguay tendr\u00e1 sentido \u00fanico de circulaci\u00f3n Norte-Sur [&hellip;]<\/p>\n","protected":false},"author":1,"featured_media":15264,"comment_status":"closed","ping_status":"closed","sticky":false,"template":"","format":"standard","meta":{"footnotes":""},"categories":[69],"tags":[345],"class_list":["post-15847","post","type-post","status-publish","format-standard","has-post-thumbnail","hentry","category-noticias","tag-destacar"],"_links":{"self":[{"href":"https:\/\/www.nextmultimedio.com\/index.php?rest_route=\/wp\/v2\/posts\/15847","targetHints":{"allow":["GET"]}}],"collection":[{"href":"https:\/\/www.nextmultimedio.com\/index.php?rest_route=\/wp\/v2\/posts"}],"about":[{"href":"https:\/\/www.nextmultimedio.com\/index.php?rest_route=\/wp\/v2\/types\/post"}],"author":[{"embeddable":true,"href":"https:\/\/www.nextmultimedio.com\/index.php?rest_route=\/wp\/v2\/users\/1"}],"replies":[{"embeddable":true,"href":"https:\/\/www.nextmultimedio.com\/index.php?rest_route=%2Fwp%2Fv2%2Fcomments&post=15847"}],"version-history":[{"count":1,"href":"https:\/\/www.nextmultimedio.com\/index.php?rest_route=\/wp\/v2\/posts\/15847\/revisions"}],"predecessor-version":[{"id":15848,"href":"https:\/\/www.nextmultimedio.com\/index.php?rest_route=\/wp\/v2\/posts\/15847\/revisions\/15848"}],"wp:featuredmedia":[{"embeddable":true,"href":"https:\/\/www.nextmultimedio.com\/index.php?rest_route=\/wp\/v2\/media\/15264"}],"wp:attachment":[{"href":"https:\/\/www.nextmultimedio.com\/index.php?rest_route=%2Fwp%2Fv2%2Fmedia&parent=15847"}],"wp:term":[{"taxonomy":"category","embeddable":true,"href":"https:\/\/www.nextmultimedio.com\/index.php?rest_route=%2Fwp%2Fv2%2Fcategories&post=15847"},{"taxonomy":"post_tag","embeddable":true,"href":"https:\/\/www.nextmultimedio.com\/index.php?rest_route=%2Fwp%2Fv2%2Ftags&post=15847"}],"curies":[{"name":"wp","href":"https:\/\/api.w.org\/{rel}","templated":true}]}}