{"id":14478,"date":"2026-04-29T19:02:41","date_gmt":"2026-04-29T22:02:41","guid":{"rendered":"https:\/\/www.nextmultimedio.com\/?p=14478"},"modified":"2026-04-29T19:02:42","modified_gmt":"2026-04-29T22:02:42","slug":"hoy-cumple-116-anos-la-escuela-carlos-paz","status":"publish","type":"post","link":"https:\/\/www.nextmultimedio.com\/?p=14478","title":{"rendered":"HOY CUMPLE 116 A\u00d1OS LA ESCUELA CARLOS PAZ"},"content":{"rendered":"\n<p>CARLOS VIOTTI: la instituci\u00f3n educativa es existente previa a la fundaci\u00f3n de la ciudad, estamos trabajando con la Comisi\u00f3n de Identidad, esto de poner en valor nuestra historia, nuestra identidad, como en este caso la primer escuela de la ciudad, la verdad es que hab\u00eda un a\u00f1o y meses de diferencia y con investigaci\u00f3n y documentos, que pusimos a disposici\u00f3n de la provincia, tambi\u00e9n de las autoridades locales de la escuela, llegando as\u00ed a la verdadera fecha de su nacimiento y as\u00ed hoy realizamos su reconocimiento ante la sociedad.<\/p>\n\n\n\n<p>Nota completa en youtube<\/p>\n\n\n\n<figure class=\"wp-block-embed is-type-video is-provider-youtube wp-block-embed-youtube wp-embed-aspect-16-9 wp-has-aspect-ratio\"><div class=\"wp-block-embed__wrapper\">\n<iframe loading=\"lazy\" title=\"HOY CUMPLE 116 A\u00d1OS LA ESCUELA CARLOS PAZ\" width=\"620\" height=\"349\" src=\"https:\/\/www.youtube.com\/embed\/gGsd8qjBKtM?feature=oembed\" frameborder=\"0\" allow=\"accelerometer; autoplay; clipboard-write; encrypted-media; gyroscope; picture-in-picture; web-share\" referrerpolicy=\"strict-origin-when-cross-origin\" allowfullscreen><\/iframe>\n<\/div><\/figure>\n\n\n\n<figure class=\"wp-block-image size-large\"><img loading=\"lazy\" decoding=\"async\" width=\"1024\" height=\"576\" src=\"https:\/\/www.nextmultimedio.com\/wp-content\/uploads\/2026\/04\/image-92-1024x576.jpeg\" alt=\"\" class=\"wp-image-14479\" srcset=\"https:\/\/www.nextmultimedio.com\/wp-content\/uploads\/2026\/04\/image-92-1024x576.jpeg 1024w, https:\/\/www.nextmultimedio.com\/wp-content\/uploads\/2026\/04\/image-92-300x169.jpeg 300w, https:\/\/www.nextmultimedio.com\/wp-content\/uploads\/2026\/04\/image-92-768x432.jpeg 768w, https:\/\/www.nextmultimedio.com\/wp-content\/uploads\/2026\/04\/image-92-1536x864.jpeg 1536w, https:\/\/www.nextmultimedio.com\/wp-content\/uploads\/2026\/04\/image-92.jpeg 1707w\" sizes=\"auto, (max-width: 1024px) 100vw, 1024px\" \/><\/figure>\n","protected":false},"excerpt":{"rendered":"<p>CARLOS VIOTTI: la instituci\u00f3n educativa es existente previa a la fundaci\u00f3n de la ciudad, estamos trabajando con la Comisi\u00f3n de Identidad, esto de poner en valor nuestra historia, nuestra identidad, como en este caso la primer escuela de la ciudad, la verdad es que hab\u00eda un a\u00f1o y meses de diferencia y con investigaci\u00f3n y [&hellip;]<\/p>\n","protected":false},"author":1,"featured_media":14479,"comment_status":"closed","ping_status":"closed","sticky":false,"template":"","format":"standard","meta":{"footnotes":""},"categories":[69],"tags":[345],"class_list":["post-14478","post","type-post","status-publish","format-standard","has-post-thumbnail","hentry","category-noticias","tag-destacar"],"_links":{"self":[{"href":"https:\/\/www.nextmultimedio.com\/index.php?rest_route=\/wp\/v2\/posts\/14478","targetHints":{"allow":["GET"]}}],"collection":[{"href":"https:\/\/www.nextmultimedio.com\/index.php?rest_route=\/wp\/v2\/posts"}],"about":[{"href":"https:\/\/www.nextmultimedio.com\/index.php?rest_route=\/wp\/v2\/types\/post"}],"author":[{"embeddable":true,"href":"https:\/\/www.nextmultimedio.com\/index.php?rest_route=\/wp\/v2\/users\/1"}],"replies":[{"embeddable":true,"href":"https:\/\/www.nextmultimedio.com\/index.php?rest_route=%2Fwp%2Fv2%2Fcomments&post=14478"}],"version-history":[{"count":1,"href":"https:\/\/www.nextmultimedio.com\/index.php?rest_route=\/wp\/v2\/posts\/14478\/revisions"}],"predecessor-version":[{"id":14480,"href":"https:\/\/www.nextmultimedio.com\/index.php?rest_route=\/wp\/v2\/posts\/14478\/revisions\/14480"}],"wp:featuredmedia":[{"embeddable":true,"href":"https:\/\/www.nextmultimedio.com\/index.php?rest_route=\/wp\/v2\/media\/14479"}],"wp:attachment":[{"href":"https:\/\/www.nextmultimedio.com\/index.php?rest_route=%2Fwp%2Fv2%2Fmedia&parent=14478"}],"wp:term":[{"taxonomy":"category","embeddable":true,"href":"https:\/\/www.nextmultimedio.com\/index.php?rest_route=%2Fwp%2Fv2%2Fcategories&post=14478"},{"taxonomy":"post_tag","embeddable":true,"href":"https:\/\/www.nextmultimedio.com\/index.php?rest_route=%2Fwp%2Fv2%2Ftags&post=14478"}],"curies":[{"name":"wp","href":"https:\/\/api.w.org\/{rel}","templated":true}]}}