{"id":14462,"date":"2026-04-28T19:49:19","date_gmt":"2026-04-28T22:49:19","guid":{"rendered":"https:\/\/www.nextmultimedio.com\/?p=14462"},"modified":"2026-04-28T19:49:20","modified_gmt":"2026-04-28T22:49:20","slug":"secuestran-herramientas-y-detienen-un-delincuente-menor-de-edad","status":"publish","type":"post","link":"https:\/\/www.nextmultimedio.com\/?p=14462","title":{"rendered":"SECUESTRAN HERRAMIENTAS Y DETIENEN UN DELINCUENTE MENOR DE EDAD"},"content":{"rendered":"\n<p>_Ocurri\u00f3 en la madrugada de este martes en barrio Centro Nuevo. El adolescente de 16 a\u00f1os fue captado por las c\u00e1maras dejando una mochila con barretas y ganz\u00faas_<\/p>\n\n\n\n<p>Personal del Comando de Acci\u00f3n Preventiva secuestr\u00f3 una mochila con herramientas utilizadas habitualmente para forzar cerraduras durante un operativo realizado en la madrugada de este lunes en barrio Centro Nuevo.<\/p>\n\n\n\n<p>El hecho ocurri\u00f3 alrededor de las 2:50, en calle Montevideo, cuando operadores del centro de monitoreo observaron a un joven de 16 a\u00f1os dejando una mochila metros antes de ser controlado por la Polic\u00eda.<\/p>\n\n\n\n<p>Ante la situaci\u00f3n, los efectivos realizaron un rastrillaje en la zona y hallaron el bolso. En su interior hab\u00eda una llave corta pernos, una barreta, un martillo, una llave tipo ganz\u00faa y un par de zapatillas.<\/p>\n\n\n\n<p>El procedimiento se enmarc\u00f3 en el art\u00edculo 69 del C\u00f3digo de Convivencia Ciudadana. El menor fue demorado y posteriormente entregado a su progenitora, tal como establece el protocolo para casos que involucran a menores de edad.<\/p>\n\n\n\n<p>Todos los elementos secuestrados quedaron a disposici\u00f3n del Magistrado Interviniente.<\/p>\n\n\n\n<p><a href=\"https:\/\/www.facebook.com\/photo\/?fbid=1574353294695841&amp;set=a.356501556481027&amp;__cft__[0]=AZYuG7Gm5JrSUjc786oUMilMlOLsSybTCaVYe3zSUPSbEBcq7dwPo42HNGxGKjigjolORh2rWN0IPqmkcqOVvuEk_PetFjVwtWmriRB6m4Nga-kxlIGke94-tB7C8Q2Vy0cJu8hRtK8ZpzRByriropHan_5ohs1zFJZaJYnOUWG3QOUvvFUwNjLAmXXXSeyfCKQ&amp;__tn__=EH-R\"><\/a><\/p>\n\n\n\n<figure class=\"wp-block-image size-full\"><img loading=\"lazy\" decoding=\"async\" width=\"526\" height=\"526\" src=\"https:\/\/www.nextmultimedio.com\/wp-content\/uploads\/2026\/04\/image-86.jpeg\" alt=\"\" class=\"wp-image-14463\" srcset=\"https:\/\/www.nextmultimedio.com\/wp-content\/uploads\/2026\/04\/image-86.jpeg 526w, https:\/\/www.nextmultimedio.com\/wp-content\/uploads\/2026\/04\/image-86-300x300.jpeg 300w\" sizes=\"auto, (max-width: 526px) 100vw, 526px\" \/><\/figure>\n\n\n\n<p>Promociona esta publicaci\u00f3n para aumentar el alcance de&nbsp;Next Noticias &#8211; Carlos Paz.<\/p>\n\n\n\n<p><a href=\"https:\/\/www.facebook.com\/ad_center\/create\/boostpost\/?ad_account_id=79618559&amp;entry_point=www_profile_plus_timeline_lar_voice&amp;page_id=1704086319898902&amp;target_id=1574353314695839&amp;__cft__[0]=AZYuG7Gm5JrSUjc786oUMilMlOLsSybTCaVYe3zSUPSbEBcq7dwPo42HNGxGKjigjolORh2rWN0IPqmkcqOVvuEk_PetFjVwtWmriRB6m4Nga-kxlIGke94-tB7C8Q2Vy0cJu8hRtK8ZpzRByriropHan_5ohs1zFJZaJYnOUWG3QOUvvFUwNjLAmXXXSeyfCKQ&amp;__tn__=*W-R\"><\/a><\/p>\n\n\n\n<p><a href=\"https:\/\/www.facebook.com\/ad_center\/create\/boostpost\/?ad_account_id=79618559&amp;entry_point=www_profile_plus_timeline_lar_voice&amp;page_id=1704086319898902&amp;target_id=1574353314695839&amp;__cft__[0]=AZYuG7Gm5JrSUjc786oUMilMlOLsSybTCaVYe3zSUPSbEBcq7dwPo42HNGxGKjigjolORh2rWN0IPqmkcqOVvuEk_PetFjVwtWmriRB6m4Nga-kxlIGke94-tB7C8Q2Vy0cJu8hRtK8ZpzRByriropHan_5ohs1zFJZaJYnOUWG3QOUvvFUwNjLAmXXXSeyfCKQ&amp;__tn__=*W-R\">Promocionar publicaci\u00f3n<\/a><\/p>\n\n\n\n<p>17<\/p>\n\n\n\n<p>3<\/p>\n\n\n\n<p>1<\/p>\n\n\n\n\n\n\n","protected":false},"excerpt":{"rendered":"<p>_Ocurri\u00f3 en la madrugada de este martes en barrio Centro Nuevo. El adolescente de 16 a\u00f1os fue captado por las c\u00e1maras dejando una mochila con barretas y ganz\u00faas_ Personal del Comando de Acci\u00f3n Preventiva secuestr\u00f3 una mochila con herramientas utilizadas habitualmente para forzar cerraduras durante un operativo realizado en la madrugada de este lunes en [&hellip;]<\/p>\n","protected":false},"author":1,"featured_media":14463,"comment_status":"closed","ping_status":"closed","sticky":false,"template":"","format":"standard","meta":{"footnotes":""},"categories":[69],"tags":[345],"class_list":["post-14462","post","type-post","status-publish","format-standard","has-post-thumbnail","hentry","category-noticias","tag-destacar"],"_links":{"self":[{"href":"https:\/\/www.nextmultimedio.com\/index.php?rest_route=\/wp\/v2\/posts\/14462","targetHints":{"allow":["GET"]}}],"collection":[{"href":"https:\/\/www.nextmultimedio.com\/index.php?rest_route=\/wp\/v2\/posts"}],"about":[{"href":"https:\/\/www.nextmultimedio.com\/index.php?rest_route=\/wp\/v2\/types\/post"}],"author":[{"embeddable":true,"href":"https:\/\/www.nextmultimedio.com\/index.php?rest_route=\/wp\/v2\/users\/1"}],"replies":[{"embeddable":true,"href":"https:\/\/www.nextmultimedio.com\/index.php?rest_route=%2Fwp%2Fv2%2Fcomments&post=14462"}],"version-history":[{"count":1,"href":"https:\/\/www.nextmultimedio.com\/index.php?rest_route=\/wp\/v2\/posts\/14462\/revisions"}],"predecessor-version":[{"id":14464,"href":"https:\/\/www.nextmultimedio.com\/index.php?rest_route=\/wp\/v2\/posts\/14462\/revisions\/14464"}],"wp:featuredmedia":[{"embeddable":true,"href":"https:\/\/www.nextmultimedio.com\/index.php?rest_route=\/wp\/v2\/media\/14463"}],"wp:attachment":[{"href":"https:\/\/www.nextmultimedio.com\/index.php?rest_route=%2Fwp%2Fv2%2Fmedia&parent=14462"}],"wp:term":[{"taxonomy":"category","embeddable":true,"href":"https:\/\/www.nextmultimedio.com\/index.php?rest_route=%2Fwp%2Fv2%2Fcategories&post=14462"},{"taxonomy":"post_tag","embeddable":true,"href":"https:\/\/www.nextmultimedio.com\/index.php?rest_route=%2Fwp%2Fv2%2Ftags&post=14462"}],"curies":[{"name":"wp","href":"https:\/\/api.w.org\/{rel}","templated":true}]}}