{"id":14440,"date":"2026-04-26T19:31:56","date_gmt":"2026-04-26T22:31:56","guid":{"rendered":"https:\/\/www.nextmultimedio.com\/?p=14440"},"modified":"2026-04-26T19:31:57","modified_gmt":"2026-04-26T22:31:57","slug":"colision-entre-automovil-y-colectivo","status":"publish","type":"post","link":"https:\/\/www.nextmultimedio.com\/?p=14440","title":{"rendered":"COLISI\u00d3N ENTRE AUTOMOVIL Y COLECTIVO"},"content":{"rendered":"\n<p>Una joven de 18 a\u00f1os perdi\u00f3 el control de su auto e impact\u00f3 contra un colectivo. No se registraron heridos.<\/p>\n\n\n\n<p>En la ma\u00f1ana del 25 de abril de 2026, alrededor de las 07:00 horas, personal policial acudi\u00f3 a la intersecci\u00f3n de calles Petorutti y C\u00e1rcano, en barrio Sol y R\u00edo de Villa Carlos Paz, tras ser comisionados por la Central por un accidente de tr\u00e1nsito.<\/p>\n\n\n\n<p>En el lugar, los efectivos constataron la colisi\u00f3n entre un autom\u00f3vil Chevrolet Cruze conducido por una joven 18 a\u00f1os de edad, y un colectivo de la empresa Car-Cor.<\/p>\n\n\n\n<p>Seg\u00fan se pudo establecer, la conductora del veh\u00edculo menor habr\u00eda perdido el control, impactando contra el transporte de pasajeros por causas que a\u00fan se investigan.<\/p>\n\n\n\n<p>Posteriormente, se hizo presente Inspector\u00eda Municipal quien procedi\u00f3 al secuestro del autom\u00f3vil por circular sin la documentaci\u00f3n correspondiente y carecer de licencia de conducir.<\/p>\n\n\n\n<p><a href=\"https:\/\/www.facebook.com\/photo\/?fbid=1572591608205343&amp;set=a.356501556481027&amp;__cft__[0]=AZbuPfZMcbRTkqsCSwhYhIbrjEMvxZfqqolctkz6b5rlaD6sGmlcrONWqVs_P9NUKdMtX7xqlHfg8NvmO4Zhoq9R06weA4gI-epMjtMjU0okMvTcOL4f277iLPzjVwOk_40wpfoFiTLBokSrBZVcx6CQGexS7Ao1Vt_Vp1IJP7jMKFcDCN7AehdvUb-eEiEvLfU&amp;__tn__=EH-R\"><\/a><\/p>\n\n\n\n<figure class=\"wp-block-image size-full\"><img loading=\"lazy\" decoding=\"async\" width=\"526\" height=\"701\" src=\"https:\/\/www.nextmultimedio.com\/wp-content\/uploads\/2026\/04\/image-81.jpeg\" alt=\"\" class=\"wp-image-14441\" srcset=\"https:\/\/www.nextmultimedio.com\/wp-content\/uploads\/2026\/04\/image-81.jpeg 526w, https:\/\/www.nextmultimedio.com\/wp-content\/uploads\/2026\/04\/image-81-225x300.jpeg 225w\" sizes=\"auto, (max-width: 526px) 100vw, 526px\" \/><\/figure>\n","protected":false},"excerpt":{"rendered":"<p>Una joven de 18 a\u00f1os perdi\u00f3 el control de su auto e impact\u00f3 contra un colectivo. No se registraron heridos. En la ma\u00f1ana del 25 de abril de 2026, alrededor de las 07:00 horas, personal policial acudi\u00f3 a la intersecci\u00f3n de calles Petorutti y C\u00e1rcano, en barrio Sol y R\u00edo de Villa Carlos Paz, tras [&hellip;]<\/p>\n","protected":false},"author":1,"featured_media":14441,"comment_status":"closed","ping_status":"closed","sticky":false,"template":"","format":"standard","meta":{"footnotes":""},"categories":[69],"tags":[345],"class_list":["post-14440","post","type-post","status-publish","format-standard","has-post-thumbnail","hentry","category-noticias","tag-destacar"],"_links":{"self":[{"href":"https:\/\/www.nextmultimedio.com\/index.php?rest_route=\/wp\/v2\/posts\/14440","targetHints":{"allow":["GET"]}}],"collection":[{"href":"https:\/\/www.nextmultimedio.com\/index.php?rest_route=\/wp\/v2\/posts"}],"about":[{"href":"https:\/\/www.nextmultimedio.com\/index.php?rest_route=\/wp\/v2\/types\/post"}],"author":[{"embeddable":true,"href":"https:\/\/www.nextmultimedio.com\/index.php?rest_route=\/wp\/v2\/users\/1"}],"replies":[{"embeddable":true,"href":"https:\/\/www.nextmultimedio.com\/index.php?rest_route=%2Fwp%2Fv2%2Fcomments&post=14440"}],"version-history":[{"count":1,"href":"https:\/\/www.nextmultimedio.com\/index.php?rest_route=\/wp\/v2\/posts\/14440\/revisions"}],"predecessor-version":[{"id":14442,"href":"https:\/\/www.nextmultimedio.com\/index.php?rest_route=\/wp\/v2\/posts\/14440\/revisions\/14442"}],"wp:featuredmedia":[{"embeddable":true,"href":"https:\/\/www.nextmultimedio.com\/index.php?rest_route=\/wp\/v2\/media\/14441"}],"wp:attachment":[{"href":"https:\/\/www.nextmultimedio.com\/index.php?rest_route=%2Fwp%2Fv2%2Fmedia&parent=14440"}],"wp:term":[{"taxonomy":"category","embeddable":true,"href":"https:\/\/www.nextmultimedio.com\/index.php?rest_route=%2Fwp%2Fv2%2Fcategories&post=14440"},{"taxonomy":"post_tag","embeddable":true,"href":"https:\/\/www.nextmultimedio.com\/index.php?rest_route=%2Fwp%2Fv2%2Ftags&post=14440"}],"curies":[{"name":"wp","href":"https:\/\/api.w.org\/{rel}","templated":true}]}}