{"id":14433,"date":"2026-04-26T19:22:24","date_gmt":"2026-04-26T22:22:24","guid":{"rendered":"https:\/\/www.nextmultimedio.com\/?p=14433"},"modified":"2026-04-26T19:22:26","modified_gmt":"2026-04-26T22:22:26","slug":"colision-entre-automovil-y-motocicleta-deja-dos-jovenes-lesionadas-en-villa-carlos-paz","status":"publish","type":"post","link":"https:\/\/www.nextmultimedio.com\/?p=14433","title":{"rendered":"COLISI\u00d3N ENTRE AUTOM\u00d3VIL Y MOTOCICLETA DEJA DOS J\u00d3VENES LESIONADAS EN VILLA CARLOS PAZ"},"content":{"rendered":"\n<p>El siniestro ocurri\u00f3 en Av. Sabattini esquina Orgaz de barrio Centro. Las ocupantes del rodado menor fueron asistidas y trasladadas al hospital.<\/p>\n\n\n\n<p>Siendo las 23:15 del 25\/04\/26 personal policial es comisionado por la Central al lugar mencionado, donde se habr\u00eda producido una colisi\u00f3n entre un autom\u00f3vil y una motocicleta.<\/p>\n\n\n\n<p>Al arribar, se constat\u00f3 la participaci\u00f3n de un veh\u00edculo marca Honda Fit color gris, conducido por un hombre de 60 a\u00f1os.<\/p>\n\n\n\n<p>Seg\u00fan lo manifestado, al momento de frenar su marcha, impacta con una motocicleta marca Honda XR 150, conducida por una joven de 19 a\u00f1os acompa\u00f1ada por otra mujer de 20.<\/p>\n\n\n\n<p>Se hizo presente el servicio de emergencias Vital quien diagnostic\u00f3 en la conductora de la motocicleta traumatismo facial, mientras que la acompa\u00f1ante presentaba una herida cortante en miembro inferior derecho, requiriendo ambas suturas. Posteriormente fueron trasladadas al Hospital Sayago para una mejor atenci\u00f3n.<\/p>\n\n\n\n<p><a href=\"https:\/\/www.facebook.com\/photo\/?fbid=1572586388205865&amp;set=a.356501556481027&amp;__cft__[0]=AZbxoKlrFfKHxQ6var6RxW8pxqjXDqGDTmL0z8HzbR6HOAJb05VK1yI3ocRGhxKou2NZVsrOEiJl-1aB4JJp2FBf3lrMWa0XkzGOdG2XUemI9faiQKjd-1ArwsC_xlD8eMHrhF69A59h33JqFid_aj4Z-wyCl3jq73crE1PzZJbl_Der8Uuy9HWCUVmhb4ISAU4&amp;__tn__=EH-R\"><\/a><\/p>\n\n\n\n<figure class=\"wp-block-image size-full\"><img loading=\"lazy\" decoding=\"async\" width=\"526\" height=\"701\" src=\"https:\/\/www.nextmultimedio.com\/wp-content\/uploads\/2026\/04\/image-79.jpeg\" alt=\"\" class=\"wp-image-14434\" srcset=\"https:\/\/www.nextmultimedio.com\/wp-content\/uploads\/2026\/04\/image-79.jpeg 526w, https:\/\/www.nextmultimedio.com\/wp-content\/uploads\/2026\/04\/image-79-225x300.jpeg 225w\" sizes=\"auto, (max-width: 526px) 100vw, 526px\" \/><\/figure>\n\n\n\n<p>Promociona esta publicaci\u00f3n para aumentar el alcance de&nbsp;Next Noticias &#8211; Carlos Paz.<\/p>\n\n\n\n<p><a href=\"https:\/\/www.facebook.com\/ad_center\/create\/boostpost\/?ad_account_id=79618559&amp;entry_point=www_profile_plus_timeline_lar_voice&amp;page_id=1704086319898902&amp;target_id=1572586404872530&amp;__cft__[0]=AZbxoKlrFfKHxQ6var6RxW8pxqjXDqGDTmL0z8HzbR6HOAJb05VK1yI3ocRGhxKou2NZVsrOEiJl-1aB4JJp2FBf3lrMWa0XkzGOdG2XUemI9faiQKjd-1ArwsC_xlD8eMHrhF69A59h33JqFid_aj4Z-wyCl3jq73crE1PzZJbl_Der8Uuy9HWCUVmhb4ISAU4&amp;__tn__=*W-R\"><\/a><\/p>\n\n\n\n<p><a href=\"https:\/\/www.facebook.com\/ad_center\/create\/boostpost\/?ad_account_id=79618559&amp;entry_point=www_profile_plus_timeline_lar_voice&amp;page_id=1704086319898902&amp;target_id=1572586404872530&amp;__cft__[0]=AZbxoKlrFfKHxQ6var6RxW8pxqjXDqGDTmL0z8HzbR6HOAJb05VK1yI3ocRGhxKou2NZVsrOEiJl-1aB4JJp2FBf3lrMWa0XkzGOdG2XUemI9faiQKjd-1ArwsC_xlD8eMHrhF69A59h33JqFid_aj4Z-wyCl3jq73crE1PzZJbl_Der8Uuy9HWCUVmhb4ISAU4&amp;__tn__=*W-R\">Promocionar publicaci\u00f3n<\/a><\/p>\n\n\n\n<p>1<\/p>\n\n\n","protected":false},"excerpt":{"rendered":"<p>El siniestro ocurri\u00f3 en Av. Sabattini esquina Orgaz de barrio Centro. Las ocupantes del rodado menor fueron asistidas y trasladadas al hospital. Siendo las 23:15 del 25\/04\/26 personal policial es comisionado por la Central al lugar mencionado, donde se habr\u00eda producido una colisi\u00f3n entre un autom\u00f3vil y una motocicleta. Al arribar, se constat\u00f3 la participaci\u00f3n [&hellip;]<\/p>\n","protected":false},"author":1,"featured_media":14434,"comment_status":"closed","ping_status":"closed","sticky":false,"template":"","format":"standard","meta":{"footnotes":""},"categories":[69],"tags":[345],"class_list":["post-14433","post","type-post","status-publish","format-standard","has-post-thumbnail","hentry","category-noticias","tag-destacar"],"_links":{"self":[{"href":"https:\/\/www.nextmultimedio.com\/index.php?rest_route=\/wp\/v2\/posts\/14433","targetHints":{"allow":["GET"]}}],"collection":[{"href":"https:\/\/www.nextmultimedio.com\/index.php?rest_route=\/wp\/v2\/posts"}],"about":[{"href":"https:\/\/www.nextmultimedio.com\/index.php?rest_route=\/wp\/v2\/types\/post"}],"author":[{"embeddable":true,"href":"https:\/\/www.nextmultimedio.com\/index.php?rest_route=\/wp\/v2\/users\/1"}],"replies":[{"embeddable":true,"href":"https:\/\/www.nextmultimedio.com\/index.php?rest_route=%2Fwp%2Fv2%2Fcomments&post=14433"}],"version-history":[{"count":1,"href":"https:\/\/www.nextmultimedio.com\/index.php?rest_route=\/wp\/v2\/posts\/14433\/revisions"}],"predecessor-version":[{"id":14435,"href":"https:\/\/www.nextmultimedio.com\/index.php?rest_route=\/wp\/v2\/posts\/14433\/revisions\/14435"}],"wp:featuredmedia":[{"embeddable":true,"href":"https:\/\/www.nextmultimedio.com\/index.php?rest_route=\/wp\/v2\/media\/14434"}],"wp:attachment":[{"href":"https:\/\/www.nextmultimedio.com\/index.php?rest_route=%2Fwp%2Fv2%2Fmedia&parent=14433"}],"wp:term":[{"taxonomy":"category","embeddable":true,"href":"https:\/\/www.nextmultimedio.com\/index.php?rest_route=%2Fwp%2Fv2%2Fcategories&post=14433"},{"taxonomy":"post_tag","embeddable":true,"href":"https:\/\/www.nextmultimedio.com\/index.php?rest_route=%2Fwp%2Fv2%2Ftags&post=14433"}],"curies":[{"name":"wp","href":"https:\/\/api.w.org\/{rel}","templated":true}]}}