{"id":14430,"date":"2026-04-26T19:19:53","date_gmt":"2026-04-26T22:19:53","guid":{"rendered":"https:\/\/www.nextmultimedio.com\/?p=14430"},"modified":"2026-04-26T19:19:54","modified_gmt":"2026-04-26T22:19:54","slug":"la-musica-urbana-invadio-la-ciudad","status":"publish","type":"post","link":"https:\/\/www.nextmultimedio.com\/?p=14430","title":{"rendered":"LA M\u00daSICA URBANA INVADI\u00d3 LA CIUDAD"},"content":{"rendered":"\n<p>Este s\u00e1bado 25 de abril, Villa Carlos Paz fue escenario de la segunda edici\u00f3n de la Copa Cordobesa de Anticops\u2019hh, una propuesta que reuni\u00f3 a j\u00f3venes, familias y aficionados en una jornada cargada de m\u00fasica, cultura urbana y competencia.<\/p>\n\n\n\n<p>El evento se desarroll\u00f3 en los Jardines Municipales, donde participantes de distintos puntos de la provincia se dieron cita para demostrar su talento y formar parte de esta creciente movida cultural.&nbsp;<\/p>\n\n\n\n<p>Durante la jornada, se conocieron los clasificados y se vivieron momentos de gran energ\u00eda y participaci\u00f3n, consolidando este espacio como una oportunidad para potenciar expresiones art\u00edsticas emergentes y generar encuentro entre j\u00f3venes.<\/p>\n\n\n\n<p><a href=\"https:\/\/www.facebook.com\/photo\/?fbid=1572874194843751&amp;set=a.356501556481027&amp;__cft__[0]=AZaRQfY0HautnTUAOkmp2Zgma3hOCs72PjDbQ6U8cIFgz8BdSF4uV_oq4tYhwdY35Upm-yxk_IY0Zu2lMGLBy4o7JS2_ikITIfDw1E78RPFXI0Ac5rWv8UWF1wjGqznnVCDrG5H_W26cNGhYGlFhTJ13hbx2f3qZvhBbZuiWxr-iSQ-gbZKs-kRPkSKgPHTGsAM&amp;__tn__=EH-R\"><\/a><\/p>\n\n\n\n<figure class=\"wp-block-image size-full\"><img loading=\"lazy\" decoding=\"async\" width=\"526\" height=\"526\" src=\"https:\/\/www.nextmultimedio.com\/wp-content\/uploads\/2026\/04\/image-78.jpeg\" alt=\"\" class=\"wp-image-14431\" srcset=\"https:\/\/www.nextmultimedio.com\/wp-content\/uploads\/2026\/04\/image-78.jpeg 526w, https:\/\/www.nextmultimedio.com\/wp-content\/uploads\/2026\/04\/image-78-300x300.jpeg 300w\" sizes=\"auto, (max-width: 526px) 100vw, 526px\" \/><\/figure>\n\n\n\n<p>Promociona esta publicaci\u00f3n para aumentar el alcance de&nbsp;Next Noticias &#8211; Carlos Paz.<\/p>\n\n\n\n<p><a href=\"https:\/\/www.facebook.com\/ad_center\/create\/boostpost\/?ad_account_id=79618559&amp;entry_point=www_profile_plus_timeline_lar_voice&amp;page_id=1704086319898902&amp;target_id=1572874224843748&amp;__cft__[0]=AZaRQfY0HautnTUAOkmp2Zgma3hOCs72PjDbQ6U8cIFgz8BdSF4uV_oq4tYhwdY35Upm-yxk_IY0Zu2lMGLBy4o7JS2_ikITIfDw1E78RPFXI0Ac5rWv8UWF1wjGqznnVCDrG5H_W26cNGhYGlFhTJ13hbx2f3qZvhBbZuiWxr-iSQ-gbZKs-kRPkSKgPHTGsAM&amp;__tn__=*W-R\"><\/a><\/p>\n\n\n\n<p><a href=\"https:\/\/www.facebook.com\/ad_center\/create\/boostpost\/?ad_account_id=79618559&amp;entry_point=www_profile_plus_timeline_lar_voice&amp;page_id=1704086319898902&amp;target_id=1572874224843748&amp;__cft__[0]=AZaRQfY0HautnTUAOkmp2Zgma3hOCs72PjDbQ6U8cIFgz8BdSF4uV_oq4tYhwdY35Upm-yxk_IY0Zu2lMGLBy4o7JS2_ikITIfDw1E78RPFXI0Ac5rWv8UWF1wjGqznnVCDrG5H_W26cNGhYGlFhTJ13hbx2f3qZvhBbZuiWxr-iSQ-gbZKs-kRPkSKgPHTGsAM&amp;__tn__=*W-R\">Promocionar publicaci\u00f3n<\/a><\/p>\n","protected":false},"excerpt":{"rendered":"<p>Este s\u00e1bado 25 de abril, Villa Carlos Paz fue escenario de la segunda edici\u00f3n de la Copa Cordobesa de Anticops\u2019hh, una propuesta que reuni\u00f3 a j\u00f3venes, familias y aficionados en una jornada cargada de m\u00fasica, cultura urbana y competencia. El evento se desarroll\u00f3 en los Jardines Municipales, donde participantes de distintos puntos de la provincia [&hellip;]<\/p>\n","protected":false},"author":1,"featured_media":14431,"comment_status":"closed","ping_status":"closed","sticky":false,"template":"","format":"standard","meta":{"footnotes":""},"categories":[69],"tags":[345],"class_list":["post-14430","post","type-post","status-publish","format-standard","has-post-thumbnail","hentry","category-noticias","tag-destacar"],"_links":{"self":[{"href":"https:\/\/www.nextmultimedio.com\/index.php?rest_route=\/wp\/v2\/posts\/14430","targetHints":{"allow":["GET"]}}],"collection":[{"href":"https:\/\/www.nextmultimedio.com\/index.php?rest_route=\/wp\/v2\/posts"}],"about":[{"href":"https:\/\/www.nextmultimedio.com\/index.php?rest_route=\/wp\/v2\/types\/post"}],"author":[{"embeddable":true,"href":"https:\/\/www.nextmultimedio.com\/index.php?rest_route=\/wp\/v2\/users\/1"}],"replies":[{"embeddable":true,"href":"https:\/\/www.nextmultimedio.com\/index.php?rest_route=%2Fwp%2Fv2%2Fcomments&post=14430"}],"version-history":[{"count":1,"href":"https:\/\/www.nextmultimedio.com\/index.php?rest_route=\/wp\/v2\/posts\/14430\/revisions"}],"predecessor-version":[{"id":14432,"href":"https:\/\/www.nextmultimedio.com\/index.php?rest_route=\/wp\/v2\/posts\/14430\/revisions\/14432"}],"wp:featuredmedia":[{"embeddable":true,"href":"https:\/\/www.nextmultimedio.com\/index.php?rest_route=\/wp\/v2\/media\/14431"}],"wp:attachment":[{"href":"https:\/\/www.nextmultimedio.com\/index.php?rest_route=%2Fwp%2Fv2%2Fmedia&parent=14430"}],"wp:term":[{"taxonomy":"category","embeddable":true,"href":"https:\/\/www.nextmultimedio.com\/index.php?rest_route=%2Fwp%2Fv2%2Fcategories&post=14430"},{"taxonomy":"post_tag","embeddable":true,"href":"https:\/\/www.nextmultimedio.com\/index.php?rest_route=%2Fwp%2Fv2%2Ftags&post=14430"}],"curies":[{"name":"wp","href":"https:\/\/api.w.org\/{rel}","templated":true}]}}