{"id":14186,"date":"2026-04-06T17:26:41","date_gmt":"2026-04-06T20:26:41","guid":{"rendered":"https:\/\/www.nextmultimedio.com\/?p=14186"},"modified":"2026-04-06T17:26:42","modified_gmt":"2026-04-06T20:26:42","slug":"llega-una-nueva-edicion-del-automoto-festival","status":"publish","type":"post","link":"https:\/\/www.nextmultimedio.com\/?p=14186","title":{"rendered":"LLEGA UNA NUEVA EDICI\u00d3N DEL &#8220;AUTOMOTO FESTIVAL&#8221;"},"content":{"rendered":"\n<p>Villa Carlos Paz tendr\u00e1 el pr\u00f3ximo viernes 10, s\u00e1bado 11 y domingo 12 de abril, la cuarta Expo Fest Aventura de motorhomes, autos y motos cl\u00e1sicos: el \u201cAutomoto Festival\u201d, una concentraci\u00f3n de los veh\u00edculos m\u00e1s vistosos de la historia automotriz y motocicl\u00edstica.&nbsp;<\/p>\n\n\n\n<p>El mismo se realizar\u00e1 en el sector de la costa del lago ubicado entre Artigas y Gobernador Ferreyra, de 10 a 19 horas.<\/p>\n\n\n\n<p>Estar\u00e1n presentes clubes y coleccionistas particulares de Santa Fe, Bell Ville, San Francisco, C\u00f3rdoba y Buenos Aires, y autom\u00f3viles cl\u00e1sicos locales, con distintas novedades como autos el\u00e9ctricos, repuestos de modelos antiguos, Motorhome, simuladores de carreas, autos de lujo y sector Kids.<\/p>\n\n\n\n<p>La entrada a esta actividad es libre y gratuita.<\/p>\n\n\n\n<p><a href=\"https:\/\/www.facebook.com\/photo\/?fbid=1554099213387916&amp;set=a.356501556481027&amp;__cft__[0]=AZaRYdl_0yHG2BpxvbLcFkEvJVXrSviujL2ct952AqAefMbOQ8Zbw-dvsoreXAVCOShKNWgWKfxgRAK-439kCrN5_DTAkGNuLzoFeM4a9NzHWi1SUPlPd5a2MFzp2sNuwwXbYmbDMtKL-8rmZU-zh1dI9ALDl4D3nn2NJfBObRrC3A5_fs5sueAi9k1Ismr71sc&amp;__tn__=EH-R\"><\/a><\/p>\n\n\n\n<figure class=\"wp-block-image size-full\"><img loading=\"lazy\" decoding=\"async\" width=\"526\" height=\"526\" src=\"https:\/\/www.nextmultimedio.com\/wp-content\/uploads\/2026\/04\/image-12.jpeg\" alt=\"\" class=\"wp-image-14187\" srcset=\"https:\/\/www.nextmultimedio.com\/wp-content\/uploads\/2026\/04\/image-12.jpeg 526w, https:\/\/www.nextmultimedio.com\/wp-content\/uploads\/2026\/04\/image-12-300x300.jpeg 300w\" sizes=\"auto, (max-width: 526px) 100vw, 526px\" \/><\/figure>\n\n\n\n<p>Promociona esta publicaci\u00f3n para aumentar el alcance de&nbsp;Next Noticias &#8211; Carlos Paz.<\/p>\n\n\n\n<p><a href=\"https:\/\/www.facebook.com\/ad_center\/create\/boostpost\/?ad_account_id=79618559&amp;entry_point=www_profile_plus_timeline_lar_voice&amp;page_id=1704086319898902&amp;target_id=1554099216721249&amp;__cft__[0]=AZaRYdl_0yHG2BpxvbLcFkEvJVXrSviujL2ct952AqAefMbOQ8Zbw-dvsoreXAVCOShKNWgWKfxgRAK-439kCrN5_DTAkGNuLzoFeM4a9NzHWi1SUPlPd5a2MFzp2sNuwwXbYmbDMtKL-8rmZU-zh1dI9ALDl4D3nn2NJfBObRrC3A5_fs5sueAi9k1Ismr71sc&amp;__tn__=*W-R\"><\/a><\/p>\n\n\n\n<p><a href=\"https:\/\/www.facebook.com\/ad_center\/create\/boostpost\/?ad_account_id=79618559&amp;entry_point=www_profile_plus_timeline_lar_voice&amp;page_id=1704086319898902&amp;target_id=1554099216721249&amp;__cft__[0]=AZaRYdl_0yHG2BpxvbLcFkEvJVXrSviujL2ct952AqAefMbOQ8Zbw-dvsoreXAVCOShKNWgWKfxgRAK-439kCrN5_DTAkGNuLzoFeM4a9NzHWi1SUPlPd5a2MFzp2sNuwwXbYmbDMtKL-8rmZU-zh1dI9ALDl4D3nn2NJfBObRrC3A5_fs5sueAi9k1Ismr71sc&amp;__tn__=*W-R\">Promocionar publicaci\u00f3n<\/a><\/p>\n\n\n\n<p>1<\/p>\n\n\n\n<p>1<\/p>\n\n\n","protected":false},"excerpt":{"rendered":"<p>Villa Carlos Paz tendr\u00e1 el pr\u00f3ximo viernes 10, s\u00e1bado 11 y domingo 12 de abril, la cuarta Expo Fest Aventura de motorhomes, autos y motos cl\u00e1sicos: el \u201cAutomoto Festival\u201d, una concentraci\u00f3n de los veh\u00edculos m\u00e1s vistosos de la historia automotriz y motocicl\u00edstica.&nbsp; El mismo se realizar\u00e1 en el sector de la costa del lago ubicado [&hellip;]<\/p>\n","protected":false},"author":1,"featured_media":14187,"comment_status":"closed","ping_status":"closed","sticky":false,"template":"","format":"standard","meta":{"footnotes":""},"categories":[69],"tags":[345],"class_list":["post-14186","post","type-post","status-publish","format-standard","has-post-thumbnail","hentry","category-noticias","tag-destacar"],"_links":{"self":[{"href":"https:\/\/www.nextmultimedio.com\/index.php?rest_route=\/wp\/v2\/posts\/14186","targetHints":{"allow":["GET"]}}],"collection":[{"href":"https:\/\/www.nextmultimedio.com\/index.php?rest_route=\/wp\/v2\/posts"}],"about":[{"href":"https:\/\/www.nextmultimedio.com\/index.php?rest_route=\/wp\/v2\/types\/post"}],"author":[{"embeddable":true,"href":"https:\/\/www.nextmultimedio.com\/index.php?rest_route=\/wp\/v2\/users\/1"}],"replies":[{"embeddable":true,"href":"https:\/\/www.nextmultimedio.com\/index.php?rest_route=%2Fwp%2Fv2%2Fcomments&post=14186"}],"version-history":[{"count":1,"href":"https:\/\/www.nextmultimedio.com\/index.php?rest_route=\/wp\/v2\/posts\/14186\/revisions"}],"predecessor-version":[{"id":14188,"href":"https:\/\/www.nextmultimedio.com\/index.php?rest_route=\/wp\/v2\/posts\/14186\/revisions\/14188"}],"wp:featuredmedia":[{"embeddable":true,"href":"https:\/\/www.nextmultimedio.com\/index.php?rest_route=\/wp\/v2\/media\/14187"}],"wp:attachment":[{"href":"https:\/\/www.nextmultimedio.com\/index.php?rest_route=%2Fwp%2Fv2%2Fmedia&parent=14186"}],"wp:term":[{"taxonomy":"category","embeddable":true,"href":"https:\/\/www.nextmultimedio.com\/index.php?rest_route=%2Fwp%2Fv2%2Fcategories&post=14186"},{"taxonomy":"post_tag","embeddable":true,"href":"https:\/\/www.nextmultimedio.com\/index.php?rest_route=%2Fwp%2Fv2%2Ftags&post=14186"}],"curies":[{"name":"wp","href":"https:\/\/api.w.org\/{rel}","templated":true}]}}