{"id":14183,"date":"2026-04-05T22:10:59","date_gmt":"2026-04-06T01:10:59","guid":{"rendered":"https:\/\/www.nextmultimedio.com\/?p=14183"},"modified":"2026-04-05T22:11:01","modified_gmt":"2026-04-06T01:11:01","slug":"llaryora-pedira-la-conciliacion-obligatoria-para-frenar-el-paro-de-72-horas","status":"publish","type":"post","link":"https:\/\/www.nextmultimedio.com\/?p=14183","title":{"rendered":"LLARYORA PEDIR\u00c1 LA CONCILIACI\u00d3N OBLIGATORIA PARA FRENAR EL PARO DE 72 HORAS"},"content":{"rendered":"\n<p>En un intento por frenar la medida de fuerza que paralizar\u00eda las escuelas durante el mi\u00e9rcoles, jueves y viernes de esta semana,&nbsp;<strong><a href=\"https:\/\/www.lavoz.com.ar\/politica\/llaryora-pediria-conciliacion-evitar-paro-72-horas-uepc_0_qt8XYJNf5w.html\" target=\"_blank\" rel=\"noreferrer noopener\">el gobernador Mart\u00edn Llaryora eval\u00faa recurrir a la conciliaci\u00f3n obligatoria ante la Secretar\u00eda de Trabajo de la Provincia<\/a><\/strong>.<\/p>\n\n\n\n<p>La decisi\u00f3n, que se confirmar\u00eda entre lunes y martes, busca desactivar el paro de 72 horas anunciado por la UEPC y ganar tiempo para elaborar una nueva propuesta salarial.<\/p>\n\n\n\n<h2 class=\"wp-block-heading\">Los motivos del pedido de conciliaci\u00f3n<\/h2>\n\n\n\n<p>Desde el Centro C\u00edvico ratificaron la decisi\u00f3n de avanzar en la mesa de di\u00e1logo, reconociendo la &#8220;legitimidad del reclamo salarial docente&#8221;. Sin embargo, el Gobierno considera que un paro de tres d\u00edas &#8220;excede el marco&#8221; de la negociaci\u00f3n y genera m\u00faltiples conflictos, advirtiendo que &#8220;cada d\u00eda sin clases no es neutro&#8221;.<a href=\"https:\/\/www.lavoz.com.ar\/politica\/gobernadores-intendentes-objetivo-primero_0_YmfbXWfBLL.html\" class=\"\"><\/a><\/p>\n\n\n\n<p><\/p>\n","protected":false},"excerpt":{"rendered":"<p>En un intento por frenar la medida de fuerza que paralizar\u00eda las escuelas durante el mi\u00e9rcoles, jueves y viernes de esta semana,&nbsp;el gobernador Mart\u00edn Llaryora eval\u00faa recurrir a la conciliaci\u00f3n obligatoria ante la Secretar\u00eda de Trabajo de la Provincia. La decisi\u00f3n, que se confirmar\u00eda entre lunes y martes, busca desactivar el paro de 72 horas [&hellip;]<\/p>\n","protected":false},"author":1,"featured_media":13978,"comment_status":"closed","ping_status":"closed","sticky":false,"template":"","format":"standard","meta":{"footnotes":""},"categories":[69],"tags":[345],"class_list":["post-14183","post","type-post","status-publish","format-standard","has-post-thumbnail","hentry","category-noticias","tag-destacar"],"_links":{"self":[{"href":"https:\/\/www.nextmultimedio.com\/index.php?rest_route=\/wp\/v2\/posts\/14183","targetHints":{"allow":["GET"]}}],"collection":[{"href":"https:\/\/www.nextmultimedio.com\/index.php?rest_route=\/wp\/v2\/posts"}],"about":[{"href":"https:\/\/www.nextmultimedio.com\/index.php?rest_route=\/wp\/v2\/types\/post"}],"author":[{"embeddable":true,"href":"https:\/\/www.nextmultimedio.com\/index.php?rest_route=\/wp\/v2\/users\/1"}],"replies":[{"embeddable":true,"href":"https:\/\/www.nextmultimedio.com\/index.php?rest_route=%2Fwp%2Fv2%2Fcomments&post=14183"}],"version-history":[{"count":1,"href":"https:\/\/www.nextmultimedio.com\/index.php?rest_route=\/wp\/v2\/posts\/14183\/revisions"}],"predecessor-version":[{"id":14184,"href":"https:\/\/www.nextmultimedio.com\/index.php?rest_route=\/wp\/v2\/posts\/14183\/revisions\/14184"}],"wp:featuredmedia":[{"embeddable":true,"href":"https:\/\/www.nextmultimedio.com\/index.php?rest_route=\/wp\/v2\/media\/13978"}],"wp:attachment":[{"href":"https:\/\/www.nextmultimedio.com\/index.php?rest_route=%2Fwp%2Fv2%2Fmedia&parent=14183"}],"wp:term":[{"taxonomy":"category","embeddable":true,"href":"https:\/\/www.nextmultimedio.com\/index.php?rest_route=%2Fwp%2Fv2%2Fcategories&post=14183"},{"taxonomy":"post_tag","embeddable":true,"href":"https:\/\/www.nextmultimedio.com\/index.php?rest_route=%2Fwp%2Fv2%2Ftags&post=14183"}],"curies":[{"name":"wp","href":"https:\/\/api.w.org\/{rel}","templated":true}]}}