{"id":14172,"date":"2026-04-05T21:46:59","date_gmt":"2026-04-06T00:46:59","guid":{"rendered":"https:\/\/www.nextmultimedio.com\/?p=14172"},"modified":"2026-04-05T21:47:01","modified_gmt":"2026-04-06T00:47:01","slug":"semana-santacordoba-promedio-un-80-de-ocupacion","status":"publish","type":"post","link":"https:\/\/www.nextmultimedio.com\/?p=14172","title":{"rendered":"SEMANA SANTA:C\u00d3RDOBA PROMEDI\u00d3 UN 80% DE OCUPACI\u00d3N"},"content":{"rendered":"\n<ul class=\"wp-block-list\">\n<li><strong>Volvi\u00f3 a ubicarse entre los destinos m\u00e1s elegidos del pa\u00eds durante el fin de semana largo<\/strong>.<\/li>\n\n\n\n<li><strong>El desempe\u00f1o tur\u00edstico se apoy\u00f3 en una combinaci\u00f3n de propuestas religiosas, eventos culturales, deportivos y gastron\u00f3micos que ampliaron la oferta en todo el territorio provincial.<\/strong><\/li>\n<\/ul>\n\n\n\n<p>Pese a las condiciones clim\u00e1ticas adversas y al contexto econ\u00f3mico nacional, C\u00f3rdoba volvi\u00f3 a ubicarse entre los destinos m\u00e1s elegidos del pa\u00eds durante el fin de semana largo de Semana Santa.<\/p>\n\n\n\n<p>Con picos de demanda concentrados entre el viernes y el s\u00e1bado, la provincia registr\u00f3 un promedio general de ocupaci\u00f3n del 80%.<\/p>\n\n\n\n<p>El desempe\u00f1o tur\u00edstico se apoy\u00f3 en una combinaci\u00f3n de propuestas religiosas, eventos culturales, deportivos y gastron\u00f3micos que ampliaron la oferta en todo el territorio provincial.<\/p>\n\n\n\n<p><em>\u201cPara esta fecha, el legado del Cura Brochero y todo el circuito de turismo religioso se consolidaron como un cl\u00e1sico en la elecci\u00f3n de los visitantes. A eso se sum\u00f3 una agenda muy diversa, con eventos como el partido entre Talleres y Boca con p\u00fablico visitante, festivales gastron\u00f3micos como Peperina y competencias internacionales como el Mundial de Esqu\u00ed N\u00e1utico\u201d<\/em>, se\u00f1al\u00f3 Dar\u00edo Capitani, presidente de la Agencia C\u00f3rdoba Turismo.<\/p>\n\n\n\n<p>En t\u00e9rminos de ocupaci\u00f3n por regiones, el Valle de Calamuchita mostr\u00f3 altos niveles de demanda, con Villa General Belgrano al 93%, La Cumbrecita al 100%, Santa Rosa al 78% y Almafuerte al 64%.<\/p>\n\n\n\n<p>En Paravachasca, impulsado por el festival Peperina, Villa Ciudad Am\u00e9rica alcanz\u00f3 el 100%, Potrero de Garay el 90% y Alta Gracia el 80%. En Punilla, Carlos Paz registr\u00f3 un 80% \u2014con picos del 86% en alojamientos categorizados\u2014, mientras que Capilla del Monte lleg\u00f3 al 80% y Tanti al 75%.<\/p>\n\n\n\n<p>Las Sierras Chicas tambi\u00e9n evidenciaron una buena performance, con R\u00edo Ceballos al 96% y Colonia Caroya al 75%. En Traslasierra, Las Rabonas alcanz\u00f3 el 93%, San Javier y Yacanto el 87%, Nono el 69%, Mina Clavero el 64% y Villa Cura Brochero el 57%.<\/p>\n\n\n\n<p>Por su parte, la regi\u00f3n de Mar Chiquita mostr\u00f3 uno de los mejores desempe\u00f1os, con Miramar al 92,5% y Balnearia al 95%.<\/p>\n\n\n\n<figure class=\"wp-block-image\"><img decoding=\"async\" src=\"https:\/\/prensa.cba.gov.ar\/wp-content\/uploads\/2026\/04\/WhatsApp-Image-2026-04-05-at-15.30.29-1024x625.jpeg\" alt=\"\" class=\"wp-image-639488\"\/><\/figure>\n\n\n\n<p>Capitani destac\u00f3 adem\u00e1s que&nbsp;<em>\u201cla coincidencia de dos fines de semana largos casi consecutivos no afect\u00f3 la demanda, lo que confirma que la fortaleza de C\u00f3rdoba est\u00e1 en la diversidad de su propuesta tur\u00edstica\u201d.<\/em><\/p>\n\n\n\n<p>Finalmente, el titular de la Agencia subray\u00f3 el trabajo conjunto entre el sector p\u00fablico y privado:<em>\u00a0\u201cEl acompa\u00f1amiento del Gobierno provincial y del gobernador Mart\u00edn Llaryora es clave para sostener el crecimiento del turismo y consolidar a C\u00f3rdoba como uno de los destinos m\u00e1s competitivos del pa\u00eds\u201d.<\/em><audio src=\"https:\/\/prensa.cba.gov.ar\/wp-content\/uploads\/2026\/04\/Cordoba-el-destino-mas-elegido-del-pais-en-Semana-Santa-audio-Capitani.m4a.mp3\"><\/audio><\/p>\n","protected":false},"excerpt":{"rendered":"<p>Pese a las condiciones clim\u00e1ticas adversas y al contexto econ\u00f3mico nacional, C\u00f3rdoba volvi\u00f3 a ubicarse entre los destinos m\u00e1s elegidos del pa\u00eds durante el fin de semana largo de Semana Santa. Con picos de demanda concentrados entre el viernes y el s\u00e1bado, la provincia registr\u00f3 un promedio general de ocupaci\u00f3n del 80%. El desempe\u00f1o tur\u00edstico [&hellip;]<\/p>\n","protected":false},"author":1,"featured_media":14173,"comment_status":"closed","ping_status":"closed","sticky":false,"template":"","format":"standard","meta":{"footnotes":""},"categories":[69],"tags":[345],"class_list":["post-14172","post","type-post","status-publish","format-standard","has-post-thumbnail","hentry","category-noticias","tag-destacar"],"_links":{"self":[{"href":"https:\/\/www.nextmultimedio.com\/index.php?rest_route=\/wp\/v2\/posts\/14172","targetHints":{"allow":["GET"]}}],"collection":[{"href":"https:\/\/www.nextmultimedio.com\/index.php?rest_route=\/wp\/v2\/posts"}],"about":[{"href":"https:\/\/www.nextmultimedio.com\/index.php?rest_route=\/wp\/v2\/types\/post"}],"author":[{"embeddable":true,"href":"https:\/\/www.nextmultimedio.com\/index.php?rest_route=\/wp\/v2\/users\/1"}],"replies":[{"embeddable":true,"href":"https:\/\/www.nextmultimedio.com\/index.php?rest_route=%2Fwp%2Fv2%2Fcomments&post=14172"}],"version-history":[{"count":1,"href":"https:\/\/www.nextmultimedio.com\/index.php?rest_route=\/wp\/v2\/posts\/14172\/revisions"}],"predecessor-version":[{"id":14174,"href":"https:\/\/www.nextmultimedio.com\/index.php?rest_route=\/wp\/v2\/posts\/14172\/revisions\/14174"}],"wp:featuredmedia":[{"embeddable":true,"href":"https:\/\/www.nextmultimedio.com\/index.php?rest_route=\/wp\/v2\/media\/14173"}],"wp:attachment":[{"href":"https:\/\/www.nextmultimedio.com\/index.php?rest_route=%2Fwp%2Fv2%2Fmedia&parent=14172"}],"wp:term":[{"taxonomy":"category","embeddable":true,"href":"https:\/\/www.nextmultimedio.com\/index.php?rest_route=%2Fwp%2Fv2%2Fcategories&post=14172"},{"taxonomy":"post_tag","embeddable":true,"href":"https:\/\/www.nextmultimedio.com\/index.php?rest_route=%2Fwp%2Fv2%2Ftags&post=14172"}],"curies":[{"name":"wp","href":"https:\/\/api.w.org\/{rel}","templated":true}]}}