{"id":14169,"date":"2026-04-05T21:43:00","date_gmt":"2026-04-06T00:43:00","guid":{"rendered":"https:\/\/www.nextmultimedio.com\/?p=14169"},"modified":"2026-04-05T21:43:01","modified_gmt":"2026-04-06T00:43:01","slug":"tragico-siniestro-vial-en-av-circunvalacion","status":"publish","type":"post","link":"https:\/\/www.nextmultimedio.com\/?p=14169","title":{"rendered":"TR\u00c1GICO SINIESTRO VIAL EN AV. CIRCUNVALACI\u00d3N"},"content":{"rendered":"\n<p>Muri\u00f3 un hombre tras despistar y volcar<\/p>\n\n\n\n<p>La v\u00edctima circulaba en un veh\u00edculo que termin\u00f3 dentro de un desag\u00fce pluvial.<\/p>\n\n\n\n<p>Un fatal siniestro vial se registr\u00f3 en las \u00faltimas horas sobre la Ruta Nacional A-019, en el sector del anillo interno, a la altura de la intersecci\u00f3n con avenida Juan B. Justo (Salida 3), donde un joven de 26 a\u00f1os perdi\u00f3 la vida.<\/p>\n\n\n\n<p>El conductor de un Volkswagen Fox, por causas que a\u00fan se investigan, perdi\u00f3 el control del veh\u00edculo. Como consecuencia, el rodado habr\u00eda despistado, impactando contra el guardarra\u00edl y posteriormente volcando dentro de un desag\u00fce pluvial, quedando con las ruedas hacia arriba.<\/p>\n\n\n\n<p>Al lugar acudi\u00f3 un servicio de emergencias, cuyos profesionales constataron el fallecimiento del \u00fanico ocupante en el sitio.<\/p>\n\n\n\n<p>Se investigan las circunstancias que originaron el siniestro.<\/p>\n\n\n\n<p><a href=\"https:\/\/www.facebook.com\/photo\/?fbid=1553061093491728&amp;set=a.356501556481027&amp;__cft__[0]=AZZ9mOEJh37I4uUEkxJcgTIjWK2mF8n5EYx9NA3RXh5naJw6Ilov-M6itF_sKfO417Je5yk2loX9nDMu7i7GQM57vi_XS4TII2iic2vvvJjxzKhVQcnmXEWogFlWaoTCVU_5PAnGfoh5LMJoAbnLN6m5udFEiQhjbW3vsm6GfLI5m_7566nDVVz1rqgVIROe0WQ&amp;__tn__=EH-R\"><\/a><\/p>\n\n\n\n<figure class=\"wp-block-image size-full\"><img loading=\"lazy\" decoding=\"async\" width=\"526\" height=\"526\" src=\"https:\/\/www.nextmultimedio.com\/wp-content\/uploads\/2026\/04\/image-10.jpeg\" alt=\"\" class=\"wp-image-14170\" srcset=\"https:\/\/www.nextmultimedio.com\/wp-content\/uploads\/2026\/04\/image-10.jpeg 526w, https:\/\/www.nextmultimedio.com\/wp-content\/uploads\/2026\/04\/image-10-300x300.jpeg 300w\" sizes=\"auto, (max-width: 526px) 100vw, 526px\" \/><\/figure>\n\n\n\n<p>Promociona esta publicaci\u00f3n para aumentar el alcance de&nbsp;Next Noticias &#8211; Carlos Paz.<\/p>\n\n\n\n<p><a href=\"https:\/\/www.facebook.com\/ad_center\/create\/boostpost\/?ad_account_id=79618559&amp;entry_point=www_profile_plus_timeline_lar_voice&amp;page_id=1704086319898902&amp;target_id=1553061110158393&amp;__cft__[0]=AZZ9mOEJh37I4uUEkxJcgTIjWK2mF8n5EYx9NA3RXh5naJw6Ilov-M6itF_sKfO417Je5yk2loX9nDMu7i7GQM57vi_XS4TII2iic2vvvJjxzKhVQcnmXEWogFlWaoTCVU_5PAnGfoh5LMJoAbnLN6m5udFEiQhjbW3vsm6GfLI5m_7566nDVVz1rqgVIROe0WQ&amp;__tn__=*W-R\"><\/a><\/p>\n\n\n\n<p><a href=\"https:\/\/www.facebook.com\/ad_center\/create\/boostpost\/?ad_account_id=79618559&amp;entry_point=www_profile_plus_timeline_lar_voice&amp;page_id=1704086319898902&amp;target_id=1553061110158393&amp;__cft__[0]=AZZ9mOEJh37I4uUEkxJcgTIjWK2mF8n5EYx9NA3RXh5naJw6Ilov-M6itF_sKfO417Je5yk2loX9nDMu7i7GQM57vi_XS4TII2iic2vvvJjxzKhVQcnmXEWogFlWaoTCVU_5PAnGfoh5LMJoAbnLN6m5udFEiQhjbW3vsm6GfLI5m_7566nDVVz1rqgVIROe0WQ&amp;__tn__=*W-R\">Promocionar publicaci\u00f3n<\/a><\/p>\n\n\n\n<p>14<\/p>\n\n\n\n\n\n\n\n\n\n<blockquote class=\"wp-block-quote is-layout-flow wp-block-quote-is-layout-flow\">\n<p><\/p>\n<\/blockquote>\n","protected":false},"excerpt":{"rendered":"<p>Muri\u00f3 un hombre tras despistar y volcar La v\u00edctima circulaba en un veh\u00edculo que termin\u00f3 dentro de un desag\u00fce pluvial. Un fatal siniestro vial se registr\u00f3 en las \u00faltimas horas sobre la Ruta Nacional A-019, en el sector del anillo interno, a la altura de la intersecci\u00f3n con avenida Juan B. Justo (Salida 3), donde [&hellip;]<\/p>\n","protected":false},"author":1,"featured_media":14170,"comment_status":"closed","ping_status":"closed","sticky":false,"template":"","format":"standard","meta":{"footnotes":""},"categories":[69],"tags":[345],"class_list":["post-14169","post","type-post","status-publish","format-standard","has-post-thumbnail","hentry","category-noticias","tag-destacar"],"_links":{"self":[{"href":"https:\/\/www.nextmultimedio.com\/index.php?rest_route=\/wp\/v2\/posts\/14169","targetHints":{"allow":["GET"]}}],"collection":[{"href":"https:\/\/www.nextmultimedio.com\/index.php?rest_route=\/wp\/v2\/posts"}],"about":[{"href":"https:\/\/www.nextmultimedio.com\/index.php?rest_route=\/wp\/v2\/types\/post"}],"author":[{"embeddable":true,"href":"https:\/\/www.nextmultimedio.com\/index.php?rest_route=\/wp\/v2\/users\/1"}],"replies":[{"embeddable":true,"href":"https:\/\/www.nextmultimedio.com\/index.php?rest_route=%2Fwp%2Fv2%2Fcomments&post=14169"}],"version-history":[{"count":1,"href":"https:\/\/www.nextmultimedio.com\/index.php?rest_route=\/wp\/v2\/posts\/14169\/revisions"}],"predecessor-version":[{"id":14171,"href":"https:\/\/www.nextmultimedio.com\/index.php?rest_route=\/wp\/v2\/posts\/14169\/revisions\/14171"}],"wp:featuredmedia":[{"embeddable":true,"href":"https:\/\/www.nextmultimedio.com\/index.php?rest_route=\/wp\/v2\/media\/14170"}],"wp:attachment":[{"href":"https:\/\/www.nextmultimedio.com\/index.php?rest_route=%2Fwp%2Fv2%2Fmedia&parent=14169"}],"wp:term":[{"taxonomy":"category","embeddable":true,"href":"https:\/\/www.nextmultimedio.com\/index.php?rest_route=%2Fwp%2Fv2%2Fcategories&post=14169"},{"taxonomy":"post_tag","embeddable":true,"href":"https:\/\/www.nextmultimedio.com\/index.php?rest_route=%2Fwp%2Fv2%2Ftags&post=14169"}],"curies":[{"name":"wp","href":"https:\/\/api.w.org\/{rel}","templated":true}]}}