{"id":14155,"date":"2026-04-02T10:05:29","date_gmt":"2026-04-02T13:05:29","guid":{"rendered":"https:\/\/www.nextmultimedio.com\/?p=14155"},"modified":"2026-04-02T10:05:31","modified_gmt":"2026-04-02T13:05:31","slug":"2-de-abril","status":"publish","type":"post","link":"https:\/\/www.nextmultimedio.com\/?p=14155","title":{"rendered":"2 DE ABRIL"},"content":{"rendered":"\n<p>D\u00cdA DEL VETERANO Y DE LOS CA\u00cdDOS EN LA GUERRA DE MALVINAS<\/p>\n\n\n\n<p>En Argentina, cada 2 de abril se conmemora el D\u00eda del Veterano y de los Ca\u00eddos en la Guerra de Malvinas, una fecha destinada a honrar la memoria de quienes lucharon y dieron su vida por la patria.<\/p>\n\n\n\n<p>Esta conmemoraci\u00f3n fue establecida por la Ley 25.370 en noviembre del a\u00f1o 2000, y desde junio de 2006 es un feriado nacional inamovible, lo que reafirma la importancia de mantener viva la memoria hist\u00f3rica en todo el pa\u00eds.<\/p>\n\n\n\n<p>La elecci\u00f3n de esta fecha se debe a que el 2 de abril de 1982 las Fuerzas Armadas Argentinas desembarcaron en las Islas Malvinas, en un intento por recuperar el territorio, ocupado por el Reino Unido desde 1833.<\/p>\n\n\n\n<p>Hoy, m\u00e1s que nunca, recordamos con respeto, orgullo y gratitud a nuestros h\u00e9roes.<\/p>\n\n\n\n<p><img loading=\"lazy\" decoding=\"async\" height=\"16\" width=\"16\" alt=\"\ud83c\udde6\ud83c\uddf7\" src=\"https:\/\/static.xx.fbcdn.net\/images\/emoji.php\/v9\/t48\/1\/16\/1f1e6_1f1f7.png\"> Las Malvinas fueron, son y ser\u00e1n argentinas.<\/p>\n\n\n\n<p>Facebook: efemeridesargentinas<\/p>\n\n\n\n<p><a href=\"https:\/\/www.facebook.com\/photo\/?fbid=1549837670480737&amp;set=a.356501556481027&amp;__cft__[0]=AZYdlhJ8iaiokJW8KUOxxNjM8gf7FQpFc29hTDlx38STL-yM-IjAvJIVcronUrIpJiz8Tf39p9MpzbnZN9mTl3ZJ0oftUBDfwN6OMY4AerL1QTt7nzj23VDS674VD_PwkNwL30sgmXom7chb_Ssy5We0I4LvrGDb9qxQfI6WX8n7O3imOBmrXsjayq2PRoXkoLo&amp;__tn__=EH-R\"><\/a><\/p>\n\n\n\n<figure class=\"wp-block-image size-full\"><img loading=\"lazy\" decoding=\"async\" width=\"526\" height=\"526\" src=\"https:\/\/www.nextmultimedio.com\/wp-content\/uploads\/2026\/04\/image-5.jpeg\" alt=\"\" class=\"wp-image-14156\" srcset=\"https:\/\/www.nextmultimedio.com\/wp-content\/uploads\/2026\/04\/image-5.jpeg 526w, https:\/\/www.nextmultimedio.com\/wp-content\/uploads\/2026\/04\/image-5-300x300.jpeg 300w\" sizes=\"auto, (max-width: 526px) 100vw, 526px\" \/><\/figure>\n\n\n\n<p>Promociona esta publicaci\u00f3n para aumentar el alcance de&nbsp;Next Noticias &#8211; Carlos Paz.<\/p>\n\n\n\n<p><a href=\"https:\/\/www.facebook.com\/ad_center\/create\/boostpost\/?ad_account_id=79618559&amp;entry_point=www_profile_plus_timeline_lar_voice&amp;page_id=1704086319898902&amp;target_id=1549837693814068&amp;__cft__[0]=AZYdlhJ8iaiokJW8KUOxxNjM8gf7FQpFc29hTDlx38STL-yM-IjAvJIVcronUrIpJiz8Tf39p9MpzbnZN9mTl3ZJ0oftUBDfwN6OMY4AerL1QTt7nzj23VDS674VD_PwkNwL30sgmXom7chb_Ssy5We0I4LvrGDb9qxQfI6WX8n7O3imOBmrXsjayq2PRoXkoLo&amp;__tn__=*W-R\"><\/a><\/p>\n\n\n\n<p><a href=\"https:\/\/www.facebook.com\/ad_center\/create\/boostpost\/?ad_account_id=79618559&amp;entry_point=www_profile_plus_timeline_lar_voice&amp;page_id=1704086319898902&amp;target_id=1549837693814068&amp;__cft__[0]=AZYdlhJ8iaiokJW8KUOxxNjM8gf7FQpFc29hTDlx38STL-yM-IjAvJIVcronUrIpJiz8Tf39p9MpzbnZN9mTl3ZJ0oftUBDfwN6OMY4AerL1QTt7nzj23VDS674VD_PwkNwL30sgmXom7chb_Ssy5We0I4LvrGDb9qxQfI6WX8n7O3imOBmrXsjayq2PRoXkoLo&amp;__tn__=*W-R\">Promocionar publicaci\u00f3n<\/a><\/p>\n\n\n\n<p>19<\/p>\n\n\n\n<p>1<\/p>\n\n\n\n<p>6<\/p>\n\n\n\n\n\n<blockquote class=\"wp-block-quote is-layout-flow wp-block-quote-is-layout-flow\">\n<p><\/p>\n<\/blockquote>\n","protected":false},"excerpt":{"rendered":"<p>D\u00cdA DEL VETERANO Y DE LOS CA\u00cdDOS EN LA GUERRA DE MALVINAS En Argentina, cada 2 de abril se conmemora el D\u00eda del Veterano y de los Ca\u00eddos en la Guerra de Malvinas, una fecha destinada a honrar la memoria de quienes lucharon y dieron su vida por la patria. Esta conmemoraci\u00f3n fue establecida por [&hellip;]<\/p>\n","protected":false},"author":1,"featured_media":14156,"comment_status":"closed","ping_status":"closed","sticky":false,"template":"","format":"standard","meta":{"footnotes":""},"categories":[69],"tags":[345],"class_list":["post-14155","post","type-post","status-publish","format-standard","has-post-thumbnail","hentry","category-noticias","tag-destacar"],"_links":{"self":[{"href":"https:\/\/www.nextmultimedio.com\/index.php?rest_route=\/wp\/v2\/posts\/14155","targetHints":{"allow":["GET"]}}],"collection":[{"href":"https:\/\/www.nextmultimedio.com\/index.php?rest_route=\/wp\/v2\/posts"}],"about":[{"href":"https:\/\/www.nextmultimedio.com\/index.php?rest_route=\/wp\/v2\/types\/post"}],"author":[{"embeddable":true,"href":"https:\/\/www.nextmultimedio.com\/index.php?rest_route=\/wp\/v2\/users\/1"}],"replies":[{"embeddable":true,"href":"https:\/\/www.nextmultimedio.com\/index.php?rest_route=%2Fwp%2Fv2%2Fcomments&post=14155"}],"version-history":[{"count":1,"href":"https:\/\/www.nextmultimedio.com\/index.php?rest_route=\/wp\/v2\/posts\/14155\/revisions"}],"predecessor-version":[{"id":14157,"href":"https:\/\/www.nextmultimedio.com\/index.php?rest_route=\/wp\/v2\/posts\/14155\/revisions\/14157"}],"wp:featuredmedia":[{"embeddable":true,"href":"https:\/\/www.nextmultimedio.com\/index.php?rest_route=\/wp\/v2\/media\/14156"}],"wp:attachment":[{"href":"https:\/\/www.nextmultimedio.com\/index.php?rest_route=%2Fwp%2Fv2%2Fmedia&parent=14155"}],"wp:term":[{"taxonomy":"category","embeddable":true,"href":"https:\/\/www.nextmultimedio.com\/index.php?rest_route=%2Fwp%2Fv2%2Fcategories&post=14155"},{"taxonomy":"post_tag","embeddable":true,"href":"https:\/\/www.nextmultimedio.com\/index.php?rest_route=%2Fwp%2Fv2%2Ftags&post=14155"}],"curies":[{"name":"wp","href":"https:\/\/api.w.org\/{rel}","templated":true}]}}