{"id":14150,"date":"2026-04-01T18:30:11","date_gmt":"2026-04-01T21:30:11","guid":{"rendered":"https:\/\/www.nextmultimedio.com\/?p=14150"},"modified":"2026-04-01T18:30:12","modified_gmt":"2026-04-01T21:30:12","slug":"uepc-decreto-un-paro-de-72-horas-para-la-proxima-semana","status":"publish","type":"post","link":"https:\/\/www.nextmultimedio.com\/?p=14150","title":{"rendered":"UEPC DECRET\u00d3 UN PARO DE 72 HORAS PARA LA PR\u00d3XIMA SEMANA"},"content":{"rendered":"\n<p>La Asamblea de Delegadas y Delegados Departamentales, reunida este mi\u00e9rcoles 1 de abril, luego de discutir y evaluar la tercera propuesta salarial del Gobierno, resolvi\u00f3:<\/p>\n\n\n\n<p>No aceptar la tercera propuesta salarial por considerarla a\u00fan insuficiente.<\/p>\n\n\n\n<p>Lanzar un paro por 72 h para los d\u00edas mi\u00e9rcoles 8, jueves 9 y viernes 10 de abril con movilizaci\u00f3n el d\u00eda mi\u00e9rcoles en la ciudad de C\u00f3rdoba.<\/p>\n\n\n\n<p><a href=\"https:\/\/www.facebook.com\/photo\/?fbid=1549650503832787&amp;set=a.356501556481027&amp;__cft__[0]=AZbAROG797nIn7Vmi3IdxSahDpA8RqKtacrd9UtvwlGICe_twInBOMkPd9t7VmCy9Wa69CdqvAy-I28K5qO7aV1skzMqncKwxucMoOtKiRjYABO-3mbQRN2f2o7YzThrqg26GzQr3Ba3c3nZZsfttdaze5t0zGV_VhX5lxs5aRHnNW3Z-RmE9tDNM8Q61Wmb6tc&amp;__tn__=EH-R\"><\/a><\/p>\n\n\n\n<figure class=\"wp-block-image size-full\"><img loading=\"lazy\" decoding=\"async\" width=\"512\" height=\"640\" src=\"https:\/\/www.nextmultimedio.com\/wp-content\/uploads\/2026\/04\/image-4.jpeg\" alt=\"\" class=\"wp-image-14151\" srcset=\"https:\/\/www.nextmultimedio.com\/wp-content\/uploads\/2026\/04\/image-4.jpeg 512w, https:\/\/www.nextmultimedio.com\/wp-content\/uploads\/2026\/04\/image-4-240x300.jpeg 240w\" sizes=\"auto, (max-width: 512px) 100vw, 512px\" \/><\/figure>\n\n\n\n<p>Promociona esta publicaci\u00f3n para aumentar el alcance de&nbsp;Next Noticias &#8211; Carlos Paz.<\/p>\n\n\n\n<p><a href=\"https:\/\/www.facebook.com\/ad_center\/create\/boostpost\/?ad_account_id=79618559&amp;entry_point=www_profile_plus_timeline_lar_voice&amp;page_id=1704086319898902&amp;target_id=1549650510499453&amp;__cft__[0]=AZbAROG797nIn7Vmi3IdxSahDpA8RqKtacrd9UtvwlGICe_twInBOMkPd9t7VmCy9Wa69CdqvAy-I28K5qO7aV1skzMqncKwxucMoOtKiRjYABO-3mbQRN2f2o7YzThrqg26GzQr3Ba3c3nZZsfttdaze5t0zGV_VhX5lxs5aRHnNW3Z-RmE9tDNM8Q61Wmb6tc&amp;__tn__=*W-R\"><\/a><\/p>\n\n\n\n<p><a href=\"https:\/\/www.facebook.com\/ad_center\/create\/boostpost\/?ad_account_id=79618559&amp;entry_point=www_profile_plus_timeline_lar_voice&amp;page_id=1704086319898902&amp;target_id=1549650510499453&amp;__cft__[0]=AZbAROG797nIn7Vmi3IdxSahDpA8RqKtacrd9UtvwlGICe_twInBOMkPd9t7VmCy9Wa69CdqvAy-I28K5qO7aV1skzMqncKwxucMoOtKiRjYABO-3mbQRN2f2o7YzThrqg26GzQr3Ba3c3nZZsfttdaze5t0zGV_VhX5lxs5aRHnNW3Z-RmE9tDNM8Q61Wmb6tc&amp;__tn__=*W-R\">Promocionar publicaci\u00f3n<\/a><\/p>\n\n\n\n<p>2<\/p>\n\n\n\n<p>1<\/p>\n\n\n\n\n","protected":false},"excerpt":{"rendered":"<p>La Asamblea de Delegadas y Delegados Departamentales, reunida este mi\u00e9rcoles 1 de abril, luego de discutir y evaluar la tercera propuesta salarial del Gobierno, resolvi\u00f3: No aceptar la tercera propuesta salarial por considerarla a\u00fan insuficiente. Lanzar un paro por 72 h para los d\u00edas mi\u00e9rcoles 8, jueves 9 y viernes 10 de abril con movilizaci\u00f3n [&hellip;]<\/p>\n","protected":false},"author":1,"featured_media":14151,"comment_status":"closed","ping_status":"closed","sticky":false,"template":"","format":"standard","meta":{"footnotes":""},"categories":[69],"tags":[345],"class_list":["post-14150","post","type-post","status-publish","format-standard","has-post-thumbnail","hentry","category-noticias","tag-destacar"],"_links":{"self":[{"href":"https:\/\/www.nextmultimedio.com\/index.php?rest_route=\/wp\/v2\/posts\/14150","targetHints":{"allow":["GET"]}}],"collection":[{"href":"https:\/\/www.nextmultimedio.com\/index.php?rest_route=\/wp\/v2\/posts"}],"about":[{"href":"https:\/\/www.nextmultimedio.com\/index.php?rest_route=\/wp\/v2\/types\/post"}],"author":[{"embeddable":true,"href":"https:\/\/www.nextmultimedio.com\/index.php?rest_route=\/wp\/v2\/users\/1"}],"replies":[{"embeddable":true,"href":"https:\/\/www.nextmultimedio.com\/index.php?rest_route=%2Fwp%2Fv2%2Fcomments&post=14150"}],"version-history":[{"count":1,"href":"https:\/\/www.nextmultimedio.com\/index.php?rest_route=\/wp\/v2\/posts\/14150\/revisions"}],"predecessor-version":[{"id":14152,"href":"https:\/\/www.nextmultimedio.com\/index.php?rest_route=\/wp\/v2\/posts\/14150\/revisions\/14152"}],"wp:featuredmedia":[{"embeddable":true,"href":"https:\/\/www.nextmultimedio.com\/index.php?rest_route=\/wp\/v2\/media\/14151"}],"wp:attachment":[{"href":"https:\/\/www.nextmultimedio.com\/index.php?rest_route=%2Fwp%2Fv2%2Fmedia&parent=14150"}],"wp:term":[{"taxonomy":"category","embeddable":true,"href":"https:\/\/www.nextmultimedio.com\/index.php?rest_route=%2Fwp%2Fv2%2Fcategories&post=14150"},{"taxonomy":"post_tag","embeddable":true,"href":"https:\/\/www.nextmultimedio.com\/index.php?rest_route=%2Fwp%2Fv2%2Ftags&post=14150"}],"curies":[{"name":"wp","href":"https:\/\/api.w.org\/{rel}","templated":true}]}}