{"id":14144,"date":"2026-04-01T16:48:05","date_gmt":"2026-04-01T19:48:05","guid":{"rendered":"https:\/\/www.nextmultimedio.com\/?p=14144"},"modified":"2026-04-01T16:48:06","modified_gmt":"2026-04-01T19:48:06","slug":"aprehendido-por-dano-y-violacion-de-domicilio","status":"publish","type":"post","link":"https:\/\/www.nextmultimedio.com\/?p=14144","title":{"rendered":"APREHENDIDO POR DA\u00d1O Y VIOLACI\u00d3N DE DOMICILIO"},"content":{"rendered":"\n<p>Un joven de 18 a\u00f1os fue aprehendido en un complejo de viviendas de Carlos Paz luego de ser encontrado con una cuchilla en una habitaci\u00f3n con da\u00f1os en las rejas de las ventanas.<\/p>\n\n\n\n<p>El incidente ocurri\u00f3 el 31\/03\/2026 a las 19:05 hs en el Complejo El Candil, ubicado en Sarmiento esq. Scarlatte, B\u00ba Villa del Lago, Carlos Paz.<\/p>\n\n\n\n<p>La polic\u00eda ingres\u00f3 al complejo luego de detectar da\u00f1os en las rejas de las ventanas y encontr\u00f3 a un hombre de 18 a\u00f1os con una cuchilla en el interior de una habitaci\u00f3n.<\/p>\n\n\n\n<p>El joven fue aprehendido y trasladado a la Alcald\u00eda local, y el elemento fue secuestrado. Queda a disposici\u00f3n del Magistrado Interviniente.<\/p>\n\n\n\n<p><a href=\"https:\/\/www.facebook.com\/photo\/?fbid=1549477400516764&amp;set=a.356501556481027&amp;__cft__[0]=AZZaSwlHnimbJj1sUCe9WLx-kPcYQgoAoG6j3F9H8-ikyhJjZuTb7og8PBTl7rjYNSwuquzmHzQ3acm1TMamTYyE5R4ddXcaDWgopC272026rhr-upOnxK8b_b64h9sbZiARevFssRyxIeHgSxboxFoQlKs5f5PuZcgkg2VL28G518dcsevHUoi0XA4dy259V4Q&amp;__tn__=EH-R\"><\/a><\/p>\n\n\n\n<figure class=\"wp-block-image size-full\"><img loading=\"lazy\" decoding=\"async\" width=\"785\" height=\"540\" src=\"https:\/\/www.nextmultimedio.com\/wp-content\/uploads\/2026\/04\/image-2.jpeg\" alt=\"\" class=\"wp-image-14145\" srcset=\"https:\/\/www.nextmultimedio.com\/wp-content\/uploads\/2026\/04\/image-2.jpeg 785w, https:\/\/www.nextmultimedio.com\/wp-content\/uploads\/2026\/04\/image-2-300x206.jpeg 300w, https:\/\/www.nextmultimedio.com\/wp-content\/uploads\/2026\/04\/image-2-768x528.jpeg 768w\" sizes=\"auto, (max-width: 785px) 100vw, 785px\" \/><\/figure>\n\n\n\n<p>Promociona esta publicaci\u00f3n para aumentar el alcance de&nbsp;Next Noticias &#8211; Carlos Paz.<\/p>\n\n\n\n<p><a href=\"https:\/\/www.facebook.com\/ad_center\/create\/boostpost\/?ad_account_id=79618559&amp;entry_point=www_profile_plus_timeline_lar_voice&amp;page_id=1704086319898902&amp;target_id=1549477413850096&amp;__cft__[0]=AZZaSwlHnimbJj1sUCe9WLx-kPcYQgoAoG6j3F9H8-ikyhJjZuTb7og8PBTl7rjYNSwuquzmHzQ3acm1TMamTYyE5R4ddXcaDWgopC272026rhr-upOnxK8b_b64h9sbZiARevFssRyxIeHgSxboxFoQlKs5f5PuZcgkg2VL28G518dcsevHUoi0XA4dy259V4Q&amp;__tn__=*W-R\"><\/a><\/p>\n\n\n\n<p><a href=\"https:\/\/www.facebook.com\/ad_center\/create\/boostpost\/?ad_account_id=79618559&amp;entry_point=www_profile_plus_timeline_lar_voice&amp;page_id=1704086319898902&amp;target_id=1549477413850096&amp;__cft__[0]=AZZaSwlHnimbJj1sUCe9WLx-kPcYQgoAoG6j3F9H8-ikyhJjZuTb7og8PBTl7rjYNSwuquzmHzQ3acm1TMamTYyE5R4ddXcaDWgopC272026rhr-upOnxK8b_b64h9sbZiARevFssRyxIeHgSxboxFoQlKs5f5PuZcgkg2VL28G518dcsevHUoi0XA4dy259V4Q&amp;__tn__=*W-R\">Promocionar publicaci\u00f3n<\/a><\/p>\n","protected":false},"excerpt":{"rendered":"<p>Un joven de 18 a\u00f1os fue aprehendido en un complejo de viviendas de Carlos Paz luego de ser encontrado con una cuchilla en una habitaci\u00f3n con da\u00f1os en las rejas de las ventanas. El incidente ocurri\u00f3 el 31\/03\/2026 a las 19:05 hs en el Complejo El Candil, ubicado en Sarmiento esq. Scarlatte, B\u00ba Villa del [&hellip;]<\/p>\n","protected":false},"author":1,"featured_media":14145,"comment_status":"closed","ping_status":"closed","sticky":false,"template":"","format":"standard","meta":{"footnotes":""},"categories":[69],"tags":[345],"class_list":["post-14144","post","type-post","status-publish","format-standard","has-post-thumbnail","hentry","category-noticias","tag-destacar"],"_links":{"self":[{"href":"https:\/\/www.nextmultimedio.com\/index.php?rest_route=\/wp\/v2\/posts\/14144","targetHints":{"allow":["GET"]}}],"collection":[{"href":"https:\/\/www.nextmultimedio.com\/index.php?rest_route=\/wp\/v2\/posts"}],"about":[{"href":"https:\/\/www.nextmultimedio.com\/index.php?rest_route=\/wp\/v2\/types\/post"}],"author":[{"embeddable":true,"href":"https:\/\/www.nextmultimedio.com\/index.php?rest_route=\/wp\/v2\/users\/1"}],"replies":[{"embeddable":true,"href":"https:\/\/www.nextmultimedio.com\/index.php?rest_route=%2Fwp%2Fv2%2Fcomments&post=14144"}],"version-history":[{"count":1,"href":"https:\/\/www.nextmultimedio.com\/index.php?rest_route=\/wp\/v2\/posts\/14144\/revisions"}],"predecessor-version":[{"id":14146,"href":"https:\/\/www.nextmultimedio.com\/index.php?rest_route=\/wp\/v2\/posts\/14144\/revisions\/14146"}],"wp:featuredmedia":[{"embeddable":true,"href":"https:\/\/www.nextmultimedio.com\/index.php?rest_route=\/wp\/v2\/media\/14145"}],"wp:attachment":[{"href":"https:\/\/www.nextmultimedio.com\/index.php?rest_route=%2Fwp%2Fv2%2Fmedia&parent=14144"}],"wp:term":[{"taxonomy":"category","embeddable":true,"href":"https:\/\/www.nextmultimedio.com\/index.php?rest_route=%2Fwp%2Fv2%2Fcategories&post=14144"},{"taxonomy":"post_tag","embeddable":true,"href":"https:\/\/www.nextmultimedio.com\/index.php?rest_route=%2Fwp%2Fv2%2Ftags&post=14144"}],"curies":[{"name":"wp","href":"https:\/\/api.w.org\/{rel}","templated":true}]}}