{"id":14131,"date":"2026-03-31T18:00:25","date_gmt":"2026-03-31T21:00:25","guid":{"rendered":"https:\/\/www.nextmultimedio.com\/?p=14131"},"modified":"2026-03-31T18:00:27","modified_gmt":"2026-03-31T21:00:27","slug":"acto-en-conmemoracion-del-dia-del-veterano-y-de-los-caidos-en-la-guerra-de-malvinas","status":"publish","type":"post","link":"https:\/\/www.nextmultimedio.com\/?p=14131","title":{"rendered":"ACTO EN CONMEMORACI\u00d3N DEL D\u00cdA DEL VETERANO Y DE LOS CA\u00cdDOS EN LA GUERRA DE MALVINAS"},"content":{"rendered":"\n<p>V\u00c9LEZ &#8211; CARLOS BONETTI: invitamos a todos los vecinos de la ciudad el d\u00eda 1\u00ba de Abril a las 22hs. donde habr\u00e1 espect\u00e1culos culturales, vamos a dirigir unas palabras, para a las 0 horas, hacer el arribo del pabell\u00f3n nacional, lo vamos a arriar a este nuevo pabell\u00f3n y el d\u00eda 2 vamos a estar en la Plaza de CAS, con una ofrenda floral y desde all\u00ed desfilaremos hasta la Plaza Casado, para rendirle homenaje a nuestros h\u00e9roes.<\/p>\n\n\n\n<p>Nota completa en youtube<\/p>\n\n\n\n<figure class=\"wp-block-embed is-type-video is-provider-youtube wp-block-embed-youtube wp-embed-aspect-16-9 wp-has-aspect-ratio\"><div class=\"wp-block-embed__wrapper\">\n<iframe loading=\"lazy\" title=\"ACTO EN CONMEMORACI\u00d3N DEL D\u00cdA DEL VETERANO Y DE LOS CA\u00cdDOS EN LA GUERRA DE MALVINAS\" width=\"620\" height=\"349\" src=\"https:\/\/www.youtube.com\/embed\/bnVY1aJIcMo?feature=oembed\" frameborder=\"0\" allow=\"accelerometer; autoplay; clipboard-write; encrypted-media; gyroscope; picture-in-picture; web-share\" referrerpolicy=\"strict-origin-when-cross-origin\" allowfullscreen><\/iframe>\n<\/div><\/figure>\n\n\n\n<figure class=\"wp-block-image size-large\"><img loading=\"lazy\" decoding=\"async\" width=\"1024\" height=\"576\" src=\"https:\/\/www.nextmultimedio.com\/wp-content\/uploads\/2026\/03\/image-81-1024x576.jpeg\" alt=\"\" class=\"wp-image-14132\" srcset=\"https:\/\/www.nextmultimedio.com\/wp-content\/uploads\/2026\/03\/image-81-1024x576.jpeg 1024w, https:\/\/www.nextmultimedio.com\/wp-content\/uploads\/2026\/03\/image-81-300x169.jpeg 300w, https:\/\/www.nextmultimedio.com\/wp-content\/uploads\/2026\/03\/image-81-768x432.jpeg 768w, https:\/\/www.nextmultimedio.com\/wp-content\/uploads\/2026\/03\/image-81-1536x864.jpeg 1536w, https:\/\/www.nextmultimedio.com\/wp-content\/uploads\/2026\/03\/image-81.jpeg 1707w\" sizes=\"auto, (max-width: 1024px) 100vw, 1024px\" \/><\/figure>\n","protected":false},"excerpt":{"rendered":"<p>V\u00c9LEZ &#8211; CARLOS BONETTI: invitamos a todos los vecinos de la ciudad el d\u00eda 1\u00ba de Abril a las 22hs. donde habr\u00e1 espect\u00e1culos culturales, vamos a dirigir unas palabras, para a las 0 horas, hacer el arribo del pabell\u00f3n nacional, lo vamos a arriar a este nuevo pabell\u00f3n y el d\u00eda 2 vamos a estar [&hellip;]<\/p>\n","protected":false},"author":1,"featured_media":14132,"comment_status":"closed","ping_status":"closed","sticky":false,"template":"","format":"standard","meta":{"footnotes":""},"categories":[69],"tags":[345],"class_list":["post-14131","post","type-post","status-publish","format-standard","has-post-thumbnail","hentry","category-noticias","tag-destacar"],"_links":{"self":[{"href":"https:\/\/www.nextmultimedio.com\/index.php?rest_route=\/wp\/v2\/posts\/14131","targetHints":{"allow":["GET"]}}],"collection":[{"href":"https:\/\/www.nextmultimedio.com\/index.php?rest_route=\/wp\/v2\/posts"}],"about":[{"href":"https:\/\/www.nextmultimedio.com\/index.php?rest_route=\/wp\/v2\/types\/post"}],"author":[{"embeddable":true,"href":"https:\/\/www.nextmultimedio.com\/index.php?rest_route=\/wp\/v2\/users\/1"}],"replies":[{"embeddable":true,"href":"https:\/\/www.nextmultimedio.com\/index.php?rest_route=%2Fwp%2Fv2%2Fcomments&post=14131"}],"version-history":[{"count":1,"href":"https:\/\/www.nextmultimedio.com\/index.php?rest_route=\/wp\/v2\/posts\/14131\/revisions"}],"predecessor-version":[{"id":14133,"href":"https:\/\/www.nextmultimedio.com\/index.php?rest_route=\/wp\/v2\/posts\/14131\/revisions\/14133"}],"wp:featuredmedia":[{"embeddable":true,"href":"https:\/\/www.nextmultimedio.com\/index.php?rest_route=\/wp\/v2\/media\/14132"}],"wp:attachment":[{"href":"https:\/\/www.nextmultimedio.com\/index.php?rest_route=%2Fwp%2Fv2%2Fmedia&parent=14131"}],"wp:term":[{"taxonomy":"category","embeddable":true,"href":"https:\/\/www.nextmultimedio.com\/index.php?rest_route=%2Fwp%2Fv2%2Fcategories&post=14131"},{"taxonomy":"post_tag","embeddable":true,"href":"https:\/\/www.nextmultimedio.com\/index.php?rest_route=%2Fwp%2Fv2%2Ftags&post=14131"}],"curies":[{"name":"wp","href":"https:\/\/api.w.org\/{rel}","templated":true}]}}