{"id":14120,"date":"2026-03-30T19:11:03","date_gmt":"2026-03-30T22:11:03","guid":{"rendered":"https:\/\/www.nextmultimedio.com\/?p=14120"},"modified":"2026-03-30T19:11:04","modified_gmt":"2026-03-30T22:11:04","slug":"hombre-agredio-a-policias-en-carlos-paz-y-quedo-detenido","status":"publish","type":"post","link":"https:\/\/www.nextmultimedio.com\/?p=14120","title":{"rendered":"HOMBRE AGREDI\u00d3 A POLIC\u00cdAS EN CARLOS PAZ Y QUED\u00d3 DETENIDO"},"content":{"rendered":"\n<p>Un hombre de 32 a\u00f1os fue detenido en la madrugada de hoy en el barrio Santa Rita de Carlos Paz luego de agredir verbal y f\u00edsicamente a efectivos policiales.<\/p>\n\n\n\n<p>La Polic\u00eda del Escuadr\u00f3n Motorizado Enduro procedi\u00f3 a controlar al individuo, quien se mostr\u00f3 agresivo y no acat\u00f3 las \u00f3rdenes impartidas del personal actuante. A pesar de intentar agredirlos, no logr\u00f3 lesionar al personal. Fue trasladado a la Alcald\u00eda local y puesto a disposici\u00f3n del Magistrado Interviniente.<\/p>\n\n\n\n<p><a href=\"https:\/\/www.facebook.com\/photo\/?fbid=1547357610728743&amp;set=a.356501556481027&amp;__cft__[0]=AZZkwWJLQhRzecrn3XOh5sGIEp-RMuOd8BrShw2GjvfSdMOqXsWze9HvVvCJtL26tKwE4DAeWdlh4dS570EXW5YcHQuxNajFV9cFLFbfwMOAlmWSNZoDE8yaf6z_NWtwdLkCh4q7ULHbi-PzMBtU3Jat0CmyZb1To2eawOZuyjIJGJmOOESLa-lTT-8ZpmJp7VQ&amp;__tn__=EH-R\"><\/a><\/p>\n\n\n\n<figure class=\"wp-block-image size-full\"><img loading=\"lazy\" decoding=\"async\" width=\"526\" height=\"526\" src=\"https:\/\/www.nextmultimedio.com\/wp-content\/uploads\/2026\/03\/image-78.jpeg\" alt=\"\" class=\"wp-image-14121\" srcset=\"https:\/\/www.nextmultimedio.com\/wp-content\/uploads\/2026\/03\/image-78.jpeg 526w, https:\/\/www.nextmultimedio.com\/wp-content\/uploads\/2026\/03\/image-78-300x300.jpeg 300w\" sizes=\"auto, (max-width: 526px) 100vw, 526px\" \/><\/figure>\n\n\n\n<p>Promociona esta publicaci\u00f3n para aumentar el alcance de&nbsp;Next Noticias &#8211; Carlos Paz.<\/p>\n\n\n\n<p><a href=\"https:\/\/www.facebook.com\/ad_center\/create\/boostpost\/?ad_account_id=79618559&amp;entry_point=www_profile_plus_timeline_lar_voice&amp;page_id=1704086319898902&amp;target_id=1547357624062075&amp;__cft__[0]=AZZkwWJLQhRzecrn3XOh5sGIEp-RMuOd8BrShw2GjvfSdMOqXsWze9HvVvCJtL26tKwE4DAeWdlh4dS570EXW5YcHQuxNajFV9cFLFbfwMOAlmWSNZoDE8yaf6z_NWtwdLkCh4q7ULHbi-PzMBtU3Jat0CmyZb1To2eawOZuyjIJGJmOOESLa-lTT-8ZpmJp7VQ&amp;__tn__=*W-R\"><\/a><\/p>\n\n\n\n<p><a href=\"https:\/\/www.facebook.com\/ad_center\/create\/boostpost\/?ad_account_id=79618559&amp;entry_point=www_profile_plus_timeline_lar_voice&amp;page_id=1704086319898902&amp;target_id=1547357624062075&amp;__cft__[0]=AZZkwWJLQhRzecrn3XOh5sGIEp-RMuOd8BrShw2GjvfSdMOqXsWze9HvVvCJtL26tKwE4DAeWdlh4dS570EXW5YcHQuxNajFV9cFLFbfwMOAlmWSNZoDE8yaf6z_NWtwdLkCh4q7ULHbi-PzMBtU3Jat0CmyZb1To2eawOZuyjIJGJmOOESLa-lTT-8ZpmJp7VQ&amp;__tn__=*W-R\">Promocionar publicaci\u00f3n<\/a><\/p>\n\n\n\n\n\n<p>Todas las reacciones:<\/p>\n\n\n\n<p>33<\/p>\n","protected":false},"excerpt":{"rendered":"<p>Un hombre de 32 a\u00f1os fue detenido en la madrugada de hoy en el barrio Santa Rita de Carlos Paz luego de agredir verbal y f\u00edsicamente a efectivos policiales. La Polic\u00eda del Escuadr\u00f3n Motorizado Enduro procedi\u00f3 a controlar al individuo, quien se mostr\u00f3 agresivo y no acat\u00f3 las \u00f3rdenes impartidas del personal actuante. A pesar [&hellip;]<\/p>\n","protected":false},"author":1,"featured_media":14121,"comment_status":"closed","ping_status":"closed","sticky":false,"template":"","format":"standard","meta":{"footnotes":""},"categories":[69],"tags":[345],"class_list":["post-14120","post","type-post","status-publish","format-standard","has-post-thumbnail","hentry","category-noticias","tag-destacar"],"_links":{"self":[{"href":"https:\/\/www.nextmultimedio.com\/index.php?rest_route=\/wp\/v2\/posts\/14120","targetHints":{"allow":["GET"]}}],"collection":[{"href":"https:\/\/www.nextmultimedio.com\/index.php?rest_route=\/wp\/v2\/posts"}],"about":[{"href":"https:\/\/www.nextmultimedio.com\/index.php?rest_route=\/wp\/v2\/types\/post"}],"author":[{"embeddable":true,"href":"https:\/\/www.nextmultimedio.com\/index.php?rest_route=\/wp\/v2\/users\/1"}],"replies":[{"embeddable":true,"href":"https:\/\/www.nextmultimedio.com\/index.php?rest_route=%2Fwp%2Fv2%2Fcomments&post=14120"}],"version-history":[{"count":1,"href":"https:\/\/www.nextmultimedio.com\/index.php?rest_route=\/wp\/v2\/posts\/14120\/revisions"}],"predecessor-version":[{"id":14122,"href":"https:\/\/www.nextmultimedio.com\/index.php?rest_route=\/wp\/v2\/posts\/14120\/revisions\/14122"}],"wp:featuredmedia":[{"embeddable":true,"href":"https:\/\/www.nextmultimedio.com\/index.php?rest_route=\/wp\/v2\/media\/14121"}],"wp:attachment":[{"href":"https:\/\/www.nextmultimedio.com\/index.php?rest_route=%2Fwp%2Fv2%2Fmedia&parent=14120"}],"wp:term":[{"taxonomy":"category","embeddable":true,"href":"https:\/\/www.nextmultimedio.com\/index.php?rest_route=%2Fwp%2Fv2%2Fcategories&post=14120"},{"taxonomy":"post_tag","embeddable":true,"href":"https:\/\/www.nextmultimedio.com\/index.php?rest_route=%2Fwp%2Fv2%2Ftags&post=14120"}],"curies":[{"name":"wp","href":"https:\/\/api.w.org\/{rel}","templated":true}]}}