{"id":14117,"date":"2026-03-30T19:05:23","date_gmt":"2026-03-30T22:05:23","guid":{"rendered":"https:\/\/www.nextmultimedio.com\/?p=14117"},"modified":"2026-03-30T19:05:24","modified_gmt":"2026-03-30T22:05:24","slug":"dos-jovenes-aprehendidos-por-danar-una-camara-de-vigilancia-en-una-vivienda","status":"publish","type":"post","link":"https:\/\/www.nextmultimedio.com\/?p=14117","title":{"rendered":"DOS J\u00d3VENES APREHENDIDOS POR DA\u00d1AR UNA CAMARA DE VIGILANCIA EN UNA VIVIENDA"},"content":{"rendered":"\n<p>Personal policial detuvo a dos individuos de 14 y 18 a\u00f1os que fueron sorprendidos arrancando cables de una c\u00e1mara de seguridad en una vivienda de barrio La Quinta.<\/p>\n\n\n\n<p>La Polic\u00eda del Comando de Acci\u00f3n Preventiva de Carlos Paz detuvo a dos j\u00f3venes de 14 y 18 a\u00f1os que fueron sorprendidos da\u00f1ando una c\u00e1mara de vigilancia en una vivienda de barrio La Quinta.<\/p>\n\n\n\n<p>Los individuos fueron vistos por el Centro de Monitoreo de C\u00e1maras arrancando los cables de la c\u00e1mara ubicada en el port\u00f3n de la casa. La polic\u00eda se constituy\u00f3 en el lugar, los aprehendi\u00f3 y los traslad\u00f3 a la Alcald\u00eda local, donde quedaron a disposici\u00f3n del Magistrado Interviniente.<\/p>\n\n\n\n<p><a href=\"https:\/\/www.facebook.com\/photo\/?fbid=1547362970728207&amp;set=a.356501556481027&amp;__cft__[0]=AZaHxVvxuLitPlbkT43qd02lNrcDmVrM6oGLfJwMpJFsUW_xrrCG15gGzucQ0xrNavX5w2ttXVPmIn3NTo8dIE9eeBx0vbzymh4qWOVmkrPwJyFVdO8zUxy8GjvJGKPxpYApy04vbMDgpJ4iZr2GcDB7VBf6ADsOHADE9PtUvTEBdbGGq3bTgNt7itHTN-wlgPM&amp;__tn__=EH-R\"><\/a><\/p>\n\n\n\n<figure class=\"wp-block-image size-full\"><img loading=\"lazy\" decoding=\"async\" width=\"526\" height=\"526\" src=\"https:\/\/www.nextmultimedio.com\/wp-content\/uploads\/2026\/03\/image-77.jpeg\" alt=\"\" class=\"wp-image-14118\" srcset=\"https:\/\/www.nextmultimedio.com\/wp-content\/uploads\/2026\/03\/image-77.jpeg 526w, https:\/\/www.nextmultimedio.com\/wp-content\/uploads\/2026\/03\/image-77-300x300.jpeg 300w\" sizes=\"auto, (max-width: 526px) 100vw, 526px\" \/><\/figure>\n\n\n\n\n\n\n\n<p>Todas las reacciones:<\/p>\n\n\n\n<p>1313<\/p>\n","protected":false},"excerpt":{"rendered":"<p>Personal policial detuvo a dos individuos de 14 y 18 a\u00f1os que fueron sorprendidos arrancando cables de una c\u00e1mara de seguridad en una vivienda de barrio La Quinta. La Polic\u00eda del Comando de Acci\u00f3n Preventiva de Carlos Paz detuvo a dos j\u00f3venes de 14 y 18 a\u00f1os que fueron sorprendidos da\u00f1ando una c\u00e1mara de vigilancia [&hellip;]<\/p>\n","protected":false},"author":1,"featured_media":14118,"comment_status":"closed","ping_status":"closed","sticky":false,"template":"","format":"standard","meta":{"footnotes":""},"categories":[69],"tags":[345],"class_list":["post-14117","post","type-post","status-publish","format-standard","has-post-thumbnail","hentry","category-noticias","tag-destacar"],"_links":{"self":[{"href":"https:\/\/www.nextmultimedio.com\/index.php?rest_route=\/wp\/v2\/posts\/14117","targetHints":{"allow":["GET"]}}],"collection":[{"href":"https:\/\/www.nextmultimedio.com\/index.php?rest_route=\/wp\/v2\/posts"}],"about":[{"href":"https:\/\/www.nextmultimedio.com\/index.php?rest_route=\/wp\/v2\/types\/post"}],"author":[{"embeddable":true,"href":"https:\/\/www.nextmultimedio.com\/index.php?rest_route=\/wp\/v2\/users\/1"}],"replies":[{"embeddable":true,"href":"https:\/\/www.nextmultimedio.com\/index.php?rest_route=%2Fwp%2Fv2%2Fcomments&post=14117"}],"version-history":[{"count":1,"href":"https:\/\/www.nextmultimedio.com\/index.php?rest_route=\/wp\/v2\/posts\/14117\/revisions"}],"predecessor-version":[{"id":14119,"href":"https:\/\/www.nextmultimedio.com\/index.php?rest_route=\/wp\/v2\/posts\/14117\/revisions\/14119"}],"wp:featuredmedia":[{"embeddable":true,"href":"https:\/\/www.nextmultimedio.com\/index.php?rest_route=\/wp\/v2\/media\/14118"}],"wp:attachment":[{"href":"https:\/\/www.nextmultimedio.com\/index.php?rest_route=%2Fwp%2Fv2%2Fmedia&parent=14117"}],"wp:term":[{"taxonomy":"category","embeddable":true,"href":"https:\/\/www.nextmultimedio.com\/index.php?rest_route=%2Fwp%2Fv2%2Fcategories&post=14117"},{"taxonomy":"post_tag","embeddable":true,"href":"https:\/\/www.nextmultimedio.com\/index.php?rest_route=%2Fwp%2Fv2%2Ftags&post=14117"}],"curies":[{"name":"wp","href":"https:\/\/api.w.org\/{rel}","templated":true}]}}