{"id":14098,"date":"2026-03-29T20:05:56","date_gmt":"2026-03-29T23:05:56","guid":{"rendered":"https:\/\/www.nextmultimedio.com\/?p=14098"},"modified":"2026-03-29T20:05:58","modified_gmt":"2026-03-29T23:05:58","slug":"llaryora-se-comunico-con-intendentes-del-este-provincial-y-envia-asistencia-a-las-zonas-afectadas","status":"publish","type":"post","link":"https:\/\/www.nextmultimedio.com\/?p=14098","title":{"rendered":"LLARYORA SE COMUNIC\u00d3 CON INTENDENTES DEL ESTE PROVINCIAL Y ENV\u00cdA ASISTENCIA A LAS ZONAS AFECTADAS"},"content":{"rendered":"\n<ul class=\"wp-block-list\">\n<li><strong>El gobernador habl\u00f3 con jefes comunales de Colonia Marina, El T\u00edo y La Francia.<\/strong><\/li>\n\n\n\n<li><strong>Desde la madrugada, la Provincia despliega equipos de asistencia t\u00e9cnica y operativa en San Justo.<\/strong><\/li>\n<\/ul>\n\n\n\n<p>El gobernador Mart\u00edn Llaryora se comunic\u00f3 con los intendentes de Colonia Marina, El T\u00edo y La Francia para interiorizarse sobre la situaci\u00f3n generada por las intensas lluvias en el este provincial y garantizar la asistencia necesaria en cada localidad.<\/p>\n\n\n\n<p>Por instrucci\u00f3n del mandatario, desde la madrugada el Gobierno de C\u00f3rdoba despliega un operativo de asistencia en las zonas m\u00e1s afectadas del departamento San Justo, con la participaci\u00f3n de equipos de Recursos H\u00eddricos, Defensa Civil, Polic\u00eda de C\u00f3rdoba y Bomberos Voluntarios.<\/p>\n\n\n\n<p>Asimismo, el ministro Marcos Torres se encuentra en camino hacia las localidades afectadas para avanzar en la asistencia social y relevar la situaci\u00f3n en territorio junto a los equipos provinciales.Navegaci\u00f3n de entradas<\/p>\n","protected":false},"excerpt":{"rendered":"<p>El gobernador Mart\u00edn Llaryora se comunic\u00f3 con los intendentes de Colonia Marina, El T\u00edo y La Francia para interiorizarse sobre la situaci\u00f3n generada por las intensas lluvias en el este provincial y garantizar la asistencia necesaria en cada localidad. Por instrucci\u00f3n del mandatario, desde la madrugada el Gobierno de C\u00f3rdoba despliega un operativo de asistencia [&hellip;]<\/p>\n","protected":false},"author":1,"featured_media":14099,"comment_status":"closed","ping_status":"closed","sticky":false,"template":"","format":"standard","meta":{"footnotes":""},"categories":[69],"tags":[345],"class_list":["post-14098","post","type-post","status-publish","format-standard","has-post-thumbnail","hentry","category-noticias","tag-destacar"],"_links":{"self":[{"href":"https:\/\/www.nextmultimedio.com\/index.php?rest_route=\/wp\/v2\/posts\/14098","targetHints":{"allow":["GET"]}}],"collection":[{"href":"https:\/\/www.nextmultimedio.com\/index.php?rest_route=\/wp\/v2\/posts"}],"about":[{"href":"https:\/\/www.nextmultimedio.com\/index.php?rest_route=\/wp\/v2\/types\/post"}],"author":[{"embeddable":true,"href":"https:\/\/www.nextmultimedio.com\/index.php?rest_route=\/wp\/v2\/users\/1"}],"replies":[{"embeddable":true,"href":"https:\/\/www.nextmultimedio.com\/index.php?rest_route=%2Fwp%2Fv2%2Fcomments&post=14098"}],"version-history":[{"count":1,"href":"https:\/\/www.nextmultimedio.com\/index.php?rest_route=\/wp\/v2\/posts\/14098\/revisions"}],"predecessor-version":[{"id":14100,"href":"https:\/\/www.nextmultimedio.com\/index.php?rest_route=\/wp\/v2\/posts\/14098\/revisions\/14100"}],"wp:featuredmedia":[{"embeddable":true,"href":"https:\/\/www.nextmultimedio.com\/index.php?rest_route=\/wp\/v2\/media\/14099"}],"wp:attachment":[{"href":"https:\/\/www.nextmultimedio.com\/index.php?rest_route=%2Fwp%2Fv2%2Fmedia&parent=14098"}],"wp:term":[{"taxonomy":"category","embeddable":true,"href":"https:\/\/www.nextmultimedio.com\/index.php?rest_route=%2Fwp%2Fv2%2Fcategories&post=14098"},{"taxonomy":"post_tag","embeddable":true,"href":"https:\/\/www.nextmultimedio.com\/index.php?rest_route=%2Fwp%2Fv2%2Ftags&post=14098"}],"curies":[{"name":"wp","href":"https:\/\/api.w.org\/{rel}","templated":true}]}}