{"id":13889,"date":"2026-03-10T19:47:19","date_gmt":"2026-03-10T22:47:19","guid":{"rendered":"https:\/\/www.nextmultimedio.com\/?p=13889"},"modified":"2026-03-10T19:47:21","modified_gmt":"2026-03-10T22:47:21","slug":"este-miercoles-inicia-la-campana-de-vacunacion-antigripal-en-cordoba","status":"publish","type":"post","link":"https:\/\/www.nextmultimedio.com\/?p=13889","title":{"rendered":"Este mi\u00e9rcoles inicia la campa\u00f1a de vacunaci\u00f3n antigripal en C\u00f3rdoba"},"content":{"rendered":"\n<p><\/p>\n\n\n\n<ul class=\"wp-block-list\">\n<li><strong>Se avanzar\u00e1 sobre ni\u00f1os y ni\u00f1as de 6 a 24 meses de edad, equipo de salud, gestantes, pu\u00e9rperas, personas entre los 2 y 64 a\u00f1os que tengan factores de riesgo, mayores 65 a\u00f1os y personal estrat\u00e9gico.<\/strong><\/li>\n\n\n\n<li><strong>El objetivo de la campa\u00f1a es reducir las complicaciones graves, hospitalizaciones, secuelas y mortalidad asociadas al virus de la influenza.<\/strong><\/li>\n<\/ul>\n\n\n\n<p>El Ministerio de Salud informa que el mi\u00e9rcoles 11 de marzo comienza la campa\u00f1a de vacunaci\u00f3n antigripal en ni\u00f1os y ni\u00f1as de 6 a 24 meses de edad, gestantes, pu\u00e9rperas, personas entre los 2 y 64 a\u00f1os que tengan factores de riesgo, personal de salud y mayores de 65 a\u00f1os o m\u00e1s.<\/p>\n\n\n\n<p>Estos grupos podr\u00e1n colocarse la dosis correspondiente en los m\u00e1s de 800 vacunatorios de la provincia. Para m\u00e1s informaci\u00f3n de estos espacios, consultar la web del Ministerio de Salud&nbsp;<a href=\"https:\/\/ministeriodesalud.cba.gov.ar\/centros-de-vacunacion\/\" target=\"_blank\" rel=\"noreferrer noopener\">https:\/\/ministeriodesalud.cba.gov.ar\/centros-de-vacunacion\/<\/a>.<\/p>\n\n\n\n<p>Como todos los a\u00f1os, la campa\u00f1a tiene como objetivo evitar las formas graves de la enfermedad y complicaciones en estos grupos con mayor riesgo, as\u00ed como garantizar la atenci\u00f3n en los sistemas de salud y seguridad en las distintas jurisdicciones en aquellos grupos con mayor exposici\u00f3n.<\/p>\n\n\n\n<p>Es importante recordar que la formulaci\u00f3n de la vacuna cambia en cada campa\u00f1a de acuerdo a las cepas del virus circulante, por lo cual es necesario acudir a inmunizarse nuevamente cada a\u00f1o.<\/p>\n\n\n\n<p>En este sentido, se recomienda efectuar la vacunaci\u00f3n de forma oportuna, preferentemente antes del comienzo del invierno, etapa de mayor circulaci\u00f3n del virus influenza. No obstante, y de acuerdo al escenario epidemiol\u00f3gico nacional, regional y local, podr\u00e1 continuarse seg\u00fan la din\u00e1mica de circulaci\u00f3n viral.<\/p>\n\n\n\n<p>Por \u00faltimo, se recuerda que estas dosis se pueden aplicar junto con cualquier otra vacuna.<audio src=\"https:\/\/prensa.cba.gov.ar\/wp-content\/uploads\/2026\/03\/Sonia-Nieva-Directora-de-Planificacion-Estrategica-en-Gestion-de-Salud-2.mp3\"><\/audio>Audio: Sonia Nieva \u2013 Directora de Planificaci\u00f3n Estrat\u00e9gica en Gesti\u00f3n de Salud<\/p>\n\n\n\n<figure class=\"wp-block-image\"><img decoding=\"async\" src=\"https:\/\/prensa.cba.gov.ar\/wp-content\/uploads\/2026\/03\/WhatsApp-Image-2026-03-10-at-16.47.41.jpeg\" alt=\"\" class=\"wp-image-637884\"\/><\/figure>\n\n\n\n<h3 class=\"wp-block-heading\">Campa\u00f1a antigripal: a quienes alcanza<\/h3>\n\n\n\n<p>Ni\u00f1os y ni\u00f1as de 6 a 24 meses de edad (En caso de recibirla por primera vez, corresponden dos dosis, con intervalo m\u00ednimo de 4 semanas entre ellas. Si ya recibieron dos dosis en temporadas pasadas, solo necesitan una dosis anual).<\/p>\n\n\n\n<ul class=\"wp-block-list\">\n<li>Integrantes del equipo de salud.<\/li>\n\n\n\n<li>Personas de 65 a\u00f1os o m\u00e1s.<\/li>\n\n\n\n<li>Personas gestantes. En cada embarazo y en cualquier trimestre de la gestaci\u00f3n.<\/li>\n\n\n\n<li>Personas pu\u00e9rperas: hasta el egreso de la maternidad \u2013m\u00e1ximo 10 d\u00edas-, si no recibiera la vacuna durante el embarazo.<\/li>\n\n\n\n<li>Personas entre los 2 y 64 a\u00f1os que tengan factores de riesgo, quienes deber\u00e1n presentar documentaci\u00f3n que acredite la existencia de enfermedades preexistentes incluidas en este grupo.<\/li>\n\n\n\n<li>Personal estrat\u00e9gico (fuerzas de seguridad, bomberos, tomadores de decisiones, entre otros).<\/li>\n<\/ul>\n\n\n\n<p>Se consideran factores de riesgo, obesidad, diabetes, enfermedades respiratorias cr\u00f3nicas, enfermedades card\u00edacas, inmunodeficiencias cong\u00e9nitas o adquiridas, pacientes oncohematol\u00f3gicos o convivientes de personas con enfermedad oncohematol\u00f3gica,, trasplantados o personas con insuficiencia renal cr\u00f3nica en di\u00e1lisis.<\/p>\n\n\n\n<h3 class=\"wp-block-heading\">Sobre la gripe<\/h3>\n\n\n\n<p>La gripe o influenza es una enfermedad viral respiratoria que se presenta habitualmente en los meses m\u00e1s fr\u00edos del a\u00f1o.<\/p>\n\n\n\n<p>Los s\u00edntomas m\u00e1s comunes son: fiebre mayor a 38 grados, tos, congesti\u00f3n nasal, dolor de garganta, cabeza, muscular y malestar generalizado. En ni\u00f1os y ni\u00f1as, pueden aparecer tambi\u00e9n problemas para respirar, v\u00f3mitos o diarrea e irritabilidad o somnolencia.<\/p>\n\n\n\n<p>Estos s\u00edntomas suelen manifestarse a las 48 horas del contagio y la mayor\u00eda de las personas afectadas se recuperan en una o dos semanas, con reposo y sin necesidad de recibir tratamiento m\u00e9dico.<\/p>\n\n\n\n<p>Sin embargo, en mujeres embarazadas, ni\u00f1os peque\u00f1os, adultos mayores y personas con enfermedades cr\u00f3nicas, la infecci\u00f3n puede conllevar graves complicaciones, y poner en riesgo la vida.<\/p>\n\n\n\n<p>Por este motivo, la vacunaci\u00f3n oportuna en estos grupos representa la herramienta de mayor eficacia para la prevenci\u00f3n y su aplicaci\u00f3n es recomendada, en lo posible, antes de la llegada del invierno.<\/p>\n","protected":false},"excerpt":{"rendered":"<p>El Ministerio de Salud informa que el mi\u00e9rcoles 11 de marzo comienza la campa\u00f1a de vacunaci\u00f3n antigripal en ni\u00f1os y ni\u00f1as de 6 a 24 meses de edad, gestantes, pu\u00e9rperas, personas entre los 2 y 64 a\u00f1os que tengan factores de riesgo, personal de salud y mayores de 65 a\u00f1os o m\u00e1s. Estos grupos podr\u00e1n [&hellip;]<\/p>\n","protected":false},"author":1,"featured_media":13890,"comment_status":"closed","ping_status":"closed","sticky":false,"template":"","format":"standard","meta":{"footnotes":""},"categories":[69],"tags":[345],"class_list":["post-13889","post","type-post","status-publish","format-standard","has-post-thumbnail","hentry","category-noticias","tag-destacar"],"_links":{"self":[{"href":"https:\/\/www.nextmultimedio.com\/index.php?rest_route=\/wp\/v2\/posts\/13889","targetHints":{"allow":["GET"]}}],"collection":[{"href":"https:\/\/www.nextmultimedio.com\/index.php?rest_route=\/wp\/v2\/posts"}],"about":[{"href":"https:\/\/www.nextmultimedio.com\/index.php?rest_route=\/wp\/v2\/types\/post"}],"author":[{"embeddable":true,"href":"https:\/\/www.nextmultimedio.com\/index.php?rest_route=\/wp\/v2\/users\/1"}],"replies":[{"embeddable":true,"href":"https:\/\/www.nextmultimedio.com\/index.php?rest_route=%2Fwp%2Fv2%2Fcomments&post=13889"}],"version-history":[{"count":1,"href":"https:\/\/www.nextmultimedio.com\/index.php?rest_route=\/wp\/v2\/posts\/13889\/revisions"}],"predecessor-version":[{"id":13891,"href":"https:\/\/www.nextmultimedio.com\/index.php?rest_route=\/wp\/v2\/posts\/13889\/revisions\/13891"}],"wp:featuredmedia":[{"embeddable":true,"href":"https:\/\/www.nextmultimedio.com\/index.php?rest_route=\/wp\/v2\/media\/13890"}],"wp:attachment":[{"href":"https:\/\/www.nextmultimedio.com\/index.php?rest_route=%2Fwp%2Fv2%2Fmedia&parent=13889"}],"wp:term":[{"taxonomy":"category","embeddable":true,"href":"https:\/\/www.nextmultimedio.com\/index.php?rest_route=%2Fwp%2Fv2%2Fcategories&post=13889"},{"taxonomy":"post_tag","embeddable":true,"href":"https:\/\/www.nextmultimedio.com\/index.php?rest_route=%2Fwp%2Fv2%2Ftags&post=13889"}],"curies":[{"name":"wp","href":"https:\/\/api.w.org\/{rel}","templated":true}]}}