{"id":13884,"date":"2026-03-10T19:36:44","date_gmt":"2026-03-10T22:36:44","guid":{"rendered":"https:\/\/www.nextmultimedio.com\/?p=13884"},"modified":"2026-03-10T19:36:46","modified_gmt":"2026-03-10T22:36:46","slug":"jueves-12-de-marzo-caminata-por-el-dia-mundial-del-rinon","status":"publish","type":"post","link":"https:\/\/www.nextmultimedio.com\/?p=13884","title":{"rendered":"JUEVES 12 DE MARZO CAMINATA POR EL D\u00cdA MUNDIAL DEL RI\u00d1ON"},"content":{"rendered":"\n<p>ALEJANDRA ALTAMIRANO &#8211; SOLEDAD BUSTOS: el jueves 12 de marzo a partir de las 10 de la ma\u00f1ana, vamos a estar haciendo una caminata, el punto de inicio va a ser en calle Suqu\u00eda y costanera, es lo que conocemos como el punto panor\u00e1mico, ser\u00e1 de 2km por la costanera hasta Illia y Cabrera.<\/p>\n\n\n\n<p>Nota completa en youtube<\/p>\n\n\n\n<figure class=\"wp-block-embed is-type-video is-provider-youtube wp-block-embed-youtube wp-embed-aspect-16-9 wp-has-aspect-ratio\"><div class=\"wp-block-embed__wrapper\">\n<iframe loading=\"lazy\" title=\"JUEVES 12 DE MARZO CAMINATA POR EL D\u00cdA MUNDIAL DEL RI\u00d1ON\" width=\"620\" height=\"349\" src=\"https:\/\/www.youtube.com\/embed\/9TM3-n7cWXk?feature=oembed\" frameborder=\"0\" allow=\"accelerometer; autoplay; clipboard-write; encrypted-media; gyroscope; picture-in-picture; web-share\" referrerpolicy=\"strict-origin-when-cross-origin\" allowfullscreen><\/iframe>\n<\/div><\/figure>\n\n\n\n<figure class=\"wp-block-image\"><img decoding=\"async\" src=\"https:\/\/scontent.fcor10-3.fna.fbcdn.net\/v\/t15.5256-10\/646202793_1544268746676963_4940889813487187039_n.jpg?stp=dst-jpg_p960x960_tt6&amp;_nc_cat=105&amp;ccb=1-7&amp;_nc_sid=5fad0e&amp;_nc_eui2=AeFdI41f07Eps76K9750-ewxgxvlmbc9_6SDG-WZtz3_pPQBoRSUg-j4P0pIpj4au8U&amp;_nc_ohc=V2-Slla7qrEQ7kNvwFs0jBz&amp;_nc_oc=AdkLW4bvCri_-NP5V-mwQAgv7HAAgrOSsvOrzB8Ydz6TJj6pxzzWfpRkHx2ICh6ol2g&amp;_nc_zt=23&amp;_nc_ht=scontent.fcor10-3.fna&amp;_nc_gid=xGJZp9fQ2j7rVaf0ZWxfhg&amp;_nc_ss=8&amp;oh=00_AfxfhQVny5tkDpkvGa7x2_5XvNB6wRkoLKQRM8U7aLBTKw&amp;oe=69B66B89\" alt=\"\"\/><\/figure>\n","protected":false},"excerpt":{"rendered":"<p>ALEJANDRA ALTAMIRANO &#8211; SOLEDAD BUSTOS: el jueves 12 de marzo a partir de las 10 de la ma\u00f1ana, vamos a estar haciendo una caminata, el punto de inicio va a ser en calle Suqu\u00eda y costanera, es lo que conocemos como el punto panor\u00e1mico, ser\u00e1 de 2km por la costanera hasta Illia y Cabrera. Nota [&hellip;]<\/p>\n","protected":false},"author":1,"featured_media":13881,"comment_status":"closed","ping_status":"closed","sticky":false,"template":"","format":"standard","meta":{"footnotes":""},"categories":[69],"tags":[345],"class_list":["post-13884","post","type-post","status-publish","format-standard","has-post-thumbnail","hentry","category-noticias","tag-destacar"],"_links":{"self":[{"href":"https:\/\/www.nextmultimedio.com\/index.php?rest_route=\/wp\/v2\/posts\/13884","targetHints":{"allow":["GET"]}}],"collection":[{"href":"https:\/\/www.nextmultimedio.com\/index.php?rest_route=\/wp\/v2\/posts"}],"about":[{"href":"https:\/\/www.nextmultimedio.com\/index.php?rest_route=\/wp\/v2\/types\/post"}],"author":[{"embeddable":true,"href":"https:\/\/www.nextmultimedio.com\/index.php?rest_route=\/wp\/v2\/users\/1"}],"replies":[{"embeddable":true,"href":"https:\/\/www.nextmultimedio.com\/index.php?rest_route=%2Fwp%2Fv2%2Fcomments&post=13884"}],"version-history":[{"count":1,"href":"https:\/\/www.nextmultimedio.com\/index.php?rest_route=\/wp\/v2\/posts\/13884\/revisions"}],"predecessor-version":[{"id":13885,"href":"https:\/\/www.nextmultimedio.com\/index.php?rest_route=\/wp\/v2\/posts\/13884\/revisions\/13885"}],"wp:featuredmedia":[{"embeddable":true,"href":"https:\/\/www.nextmultimedio.com\/index.php?rest_route=\/wp\/v2\/media\/13881"}],"wp:attachment":[{"href":"https:\/\/www.nextmultimedio.com\/index.php?rest_route=%2Fwp%2Fv2%2Fmedia&parent=13884"}],"wp:term":[{"taxonomy":"category","embeddable":true,"href":"https:\/\/www.nextmultimedio.com\/index.php?rest_route=%2Fwp%2Fv2%2Fcategories&post=13884"},{"taxonomy":"post_tag","embeddable":true,"href":"https:\/\/www.nextmultimedio.com\/index.php?rest_route=%2Fwp%2Fv2%2Ftags&post=13884"}],"curies":[{"name":"wp","href":"https:\/\/api.w.org\/{rel}","templated":true}]}}