{"id":13873,"date":"2026-03-09T17:04:06","date_gmt":"2026-03-09T20:04:06","guid":{"rendered":"https:\/\/www.nextmultimedio.com\/?p=13873"},"modified":"2026-03-09T17:04:07","modified_gmt":"2026-03-09T20:04:07","slug":"el-municipio-abrio-una-busqueda-laboral-para-choferes-y-maquinistas","status":"publish","type":"post","link":"https:\/\/www.nextmultimedio.com\/?p=13873","title":{"rendered":"EL MUNICIPIO ABRI\u00d3 UNA B\u00daSQUEDA LABORAL PARA CHOFERES Y MAQUINISTAS"},"content":{"rendered":"\n<p>La Secretar\u00eda de Desarrollo Urbano, Comunitario y Gesti\u00f3n Ambiental de Villa Carlos Paz lanz\u00f3 una convocatoria laboral para incorporar choferes de cami\u00f3n y maquinistas para maquinaria pesada como Bobcat, pala mec\u00e1nica, motoniveladora y retroexcavadora.<\/p>\n\n\n\n<p>Entre los requisitos se solicita experiencia m\u00ednima de dos a\u00f1os, disponibilidad horaria, licencia de conducir vigente y residencia en Villa Carlos Paz. Para el puesto de maquinista se requiere licencia categor\u00eda E2, mientras que para chofer de cami\u00f3n se pide categor\u00eda C y\/o E1.<\/p>\n\n\n\n<p>Los interesados deben enviar curr\u00edculum vitae y fotocopia del DNI al correo ofpersonal.vcp@gmail.com o comunicarse por WhatsApp al 3541 541659.<\/p>\n\n\n\n<p><a href=\"https:\/\/www.facebook.com\/photo\/?fbid=1528245575973280&amp;set=a.356501556481027&amp;__cft__[0]=AZZ50uNRdCOasmdHsLbuXrcltGcEWYLVY86obc2OA4K4BXBCpSt6nOPkukjP-2kV4VQT2mkHkNHtl8s6kQGBAjtKJFxgdVgFefforkk3IQ2Lgm9E6-kyByQ7cEKEVDhjgws8Kivi42yEpOKivRt5crd3dtl0WTecKzMB3meLUdRZcUzQn3szC6QnTsnlD6PrpBU&amp;__tn__=EH-R\"><\/a><\/p>\n\n\n\n<figure class=\"wp-block-image\"><a class=\"x1i10hfl x1qjc9v5 xjbqb8w xjqpnuy xc5r6h4 xqeqjp1 x1phubyo x13fuv20 x18b5jzi x1q0q8m5 x1t7ytsu x972fbf x10w94by x1qhh985 x14e42zd x9f619 x1ypdohk xdl72j9 x2lah0s x3ct3a4 xdj266r x14z9mp xat24cr x1lziwak x2lwn1j xeuugli xexx8yu xyri2b x18d9i69 x1c1uobl x1n2onr6 x16tdsg8 x1hl2dhg xggy1nq x1ja2u2z x1t137rt x1fmog5m xu25z0z x140muxe xo1y3bh x1q0g3np x87ps6o x1lku1pv x1a2a7pz x1lliihq x1pdlv7q\" href=\"https:\/\/www.facebook.com\/photo\/?fbid=1528245575973280&amp;set=a.356501556481027&amp;__cft__[0]=AZZ50uNRdCOasmdHsLbuXrcltGcEWYLVY86obc2OA4K4BXBCpSt6nOPkukjP-2kV4VQT2mkHkNHtl8s6kQGBAjtKJFxgdVgFefforkk3IQ2Lgm9E6-kyByQ7cEKEVDhjgws8Kivi42yEpOKivRt5crd3dtl0WTecKzMB3meLUdRZcUzQn3szC6QnTsnlD6PrpBU&amp;__tn__=EH-R\"><img decoding=\"async\" src=\"https:\/\/scontent.fcor10-3.fna.fbcdn.net\/v\/t51.82787-15\/647404278_18335805643243999_7359948278519200148_n.webp?stp=dst-jpg_s640x640_tt6&amp;_nc_cat=109&amp;ccb=1-7&amp;_nc_sid=13d280&amp;_nc_eui2=AeGC7PdkkCZjzMSO6N_gi_6-WqW4AwnuY4BapbgDCe5jgKSL0YpFo1Q6AaDDfJFyrvE&amp;_nc_ohc=ykAIGqPBPtcQ7kNvwGfCFoV&amp;_nc_oc=Adlxsada56_ZUuG-zwiLaRE3TKhsNW8V8gCLp15OJR0pxftebkZn3m1BzMd4jn8ccJw&amp;_nc_zt=23&amp;_nc_ht=scontent.fcor10-3.fna&amp;_nc_gid=Pa9JOIjv9vAigGtxgtzTiQ&amp;_nc_ss=8&amp;oh=00_AfzCEaTkKRflVgmVIuLdHYBZtrbdc3DrtY4hWUPyGd9wIw&amp;oe=69B5103F\" alt=\"Puede ser una imagen de texto que dice &quot;LA SECRETAR\u00cdA DE DESAROLLO URBANO, COMUNITARIO Y GESTION AMBIENTAL CONVOCA: CHOFER DE CAMI\u00d3N MAQUINISTA (BOBCAT, PALA MEC\u00c1NICA, MOTONIVELADORA, RETROEXCAVADORA) REQUISITOS: EXPERIENCIA M\u00cdNIMA DE DISPONIBILIDAD HORARIA. A\u00d1OS. LICENCIA DE CONDUCIR VIGENTE PARA M\u00c1QUINA CATEGOR\u00cdA E2. CHOFER DE CAMI\u00d3N CATEGORIA Y\/OE E1 RESIDENCIA EN VILLA CARLOS PAZ. DOCUMENTACI\u00d3N: CURRICULUM VITAE. FOTOCOPIA DE DNI. ENV\u00cdANOS TU DOCUMENTACI\u00d3N A: ofpersonal. ofpersonal.vcp@gmail.com o POR WHATSAPP AL \u00ae 3541 541659 VILLACARLOSPAZ VILLA CARLOS PAZ MUNICIPALIDAD DE&quot;\"\/><\/a><\/figure>\n","protected":false},"excerpt":{"rendered":"<p>La Secretar\u00eda de Desarrollo Urbano, Comunitario y Gesti\u00f3n Ambiental de Villa Carlos Paz lanz\u00f3 una convocatoria laboral para incorporar choferes de cami\u00f3n y maquinistas para maquinaria pesada como Bobcat, pala mec\u00e1nica, motoniveladora y retroexcavadora. Entre los requisitos se solicita experiencia m\u00ednima de dos a\u00f1os, disponibilidad horaria, licencia de conducir vigente y residencia en Villa Carlos [&hellip;]<\/p>\n","protected":false},"author":1,"featured_media":12929,"comment_status":"closed","ping_status":"closed","sticky":false,"template":"","format":"standard","meta":{"footnotes":""},"categories":[69],"tags":[345],"class_list":["post-13873","post","type-post","status-publish","format-standard","has-post-thumbnail","hentry","category-noticias","tag-destacar"],"_links":{"self":[{"href":"https:\/\/www.nextmultimedio.com\/index.php?rest_route=\/wp\/v2\/posts\/13873","targetHints":{"allow":["GET"]}}],"collection":[{"href":"https:\/\/www.nextmultimedio.com\/index.php?rest_route=\/wp\/v2\/posts"}],"about":[{"href":"https:\/\/www.nextmultimedio.com\/index.php?rest_route=\/wp\/v2\/types\/post"}],"author":[{"embeddable":true,"href":"https:\/\/www.nextmultimedio.com\/index.php?rest_route=\/wp\/v2\/users\/1"}],"replies":[{"embeddable":true,"href":"https:\/\/www.nextmultimedio.com\/index.php?rest_route=%2Fwp%2Fv2%2Fcomments&post=13873"}],"version-history":[{"count":1,"href":"https:\/\/www.nextmultimedio.com\/index.php?rest_route=\/wp\/v2\/posts\/13873\/revisions"}],"predecessor-version":[{"id":13874,"href":"https:\/\/www.nextmultimedio.com\/index.php?rest_route=\/wp\/v2\/posts\/13873\/revisions\/13874"}],"wp:featuredmedia":[{"embeddable":true,"href":"https:\/\/www.nextmultimedio.com\/index.php?rest_route=\/wp\/v2\/media\/12929"}],"wp:attachment":[{"href":"https:\/\/www.nextmultimedio.com\/index.php?rest_route=%2Fwp%2Fv2%2Fmedia&parent=13873"}],"wp:term":[{"taxonomy":"category","embeddable":true,"href":"https:\/\/www.nextmultimedio.com\/index.php?rest_route=%2Fwp%2Fv2%2Fcategories&post=13873"},{"taxonomy":"post_tag","embeddable":true,"href":"https:\/\/www.nextmultimedio.com\/index.php?rest_route=%2Fwp%2Fv2%2Ftags&post=13873"}],"curies":[{"name":"wp","href":"https:\/\/api.w.org\/{rel}","templated":true}]}}