{"id":13870,"date":"2026-03-09T16:56:42","date_gmt":"2026-03-09T19:56:42","guid":{"rendered":"https:\/\/www.nextmultimedio.com\/?p=13870"},"modified":"2026-03-09T16:56:43","modified_gmt":"2026-03-09T19:56:43","slug":"la-fpa-logro-el-mayor-secuestro-de-drogas-sinteticas-de-los-ultimos-tiempos","status":"publish","type":"post","link":"https:\/\/www.nextmultimedio.com\/?p=13870","title":{"rendered":"LA FPA LOGR\u00d3 EL MAYOR SECUESTRO DE DROGAS SINT\u00c9TICAS DE LOS \u00daLTIMOS TIEMPOS"},"content":{"rendered":"\n<p><em>\u201cEs el mayor secuestro de droga sint\u00e9tica desde la creaci\u00f3n de la Fuerza Policial Antinarcotr\u00e1fico\u201d<\/em>, se\u00f1al\u00f3 el Ministro de Justicia y Trabajo, Juli\u00e1n L\u00f3pez, al momento de la difusi\u00f3n de los resultados alcanzados por una de las fiscal\u00edas antinarcotr\u00e1fico con las que cuenta la Provincia y que est\u00e1n abocadas a la lucha y combate del narcotr\u00e1fico.<\/p>\n\n\n\n<p>Es que luego de cuatro meses de una investigaci\u00f3n llevada adelante por la Fuerza Policial Antinarcotr\u00e1fico (FPA), se logr\u00f3 desarticular una organizaci\u00f3n dedicada al narcomenudeo de drogas sint\u00e9ticas que operaba en la capital cordobesa.<\/p>\n\n\n\n<p>Como resultado del procedimiento y de los allanamientos simult\u00e1neos efectuados en distintos puntos de la ciudad, no s\u00f3lo se aprehendieron a tres personas sino tambi\u00e9n se secuestr\u00f3 un importante caudal de drogas sint\u00e9ticas, valuado en alrededor de 180 millones de pesos.<\/p>\n\n\n\n<p>En total se incautaron alrededor de dos kilogramos de sustancias, entre ellas, 1.200 gramos de MDMA, 400 gramos de ketamina, 300 gramos de TUSI, 3.226 pastillas de \u00e9xtasis, dosis de marihuana y de coca\u00edna.<\/p>\n\n\n\n<figure class=\"wp-block-image\"><a href=\"https:\/\/prensa.cba.gov.ar\/wp-content\/uploads\/2026\/03\/DSC02574.jpg\"><img decoding=\"async\" src=\"https:\/\/prensa.cba.gov.ar\/wp-content\/uploads\/2026\/03\/DSC02574.jpg\" alt=\"\" class=\"wp-image-637793\"\/><\/a><\/figure>\n\n\n\n<p>Los detenidos eran socios en la comercializaci\u00f3n de estupefacientes, y uno de los domicilios ten\u00eda la fachada de un showroom de venta de ropa, pero que era utilizado para realizar narcomenudeo. Los operativos se desplegaron en Boulevard San Juan al 100, Independencia al 800 y en calle Larra\u00f1aga al 50.<\/p>\n\n\n\n<p>Durante el anuncio, el Ministro de Justicia y Trabajo, Juli\u00e1n L\u00f3pez, valor\u00f3 el importante operativo llevado adelante por la Fiscal\u00eda y por la FPA, y tambi\u00e9n por la decisi\u00f3n adoptada por el Gobierno de la Provincia para fortalecer, operativamente, la lucha contra el narcotr\u00e1fico.<\/p>\n\n\n\n<p>Asimismo, el funcionario explic\u00f3 que este tipo de resultados son posibles gracias a las pesquisas llevadas adelante por las Fiscal\u00edas de Lucha contra el Narcotr\u00e1fico,&nbsp;<em>\u201ccuya duplicaci\u00f3n de las mismas, junto a la sumatoria de agentes a la FPA durante 2025 permitieron engrosar la fuerza que ahora pueda llevar adelante una mayor cantidad de investigaciones y detenciones\u201d.<\/em><\/p>\n\n\n\n<p>Tambi\u00e9n indic\u00f3 que s\u00f3lo en el \u00faltimo semestre del a\u00f1o 2025 crecieron en un 30% por ciento los procedimientos y se incrementaron en un 20% la cantidad de detenidos.&nbsp;<em>\u201cEsto muestra a las claras que tenemos un fuero que funciona de muy buena manera. Y forma parte de la pelea que da el Gobierno provincial a la lucha contra el narcotr\u00e1fico de baja escala ol narcomenudeo. Tenemos una fuerza policial antinarc\u00f3tico que es de \u00e9lite, que tambi\u00e9n viene siendo exitosa en la lucha contra el narcotr\u00e1fico, con procedimientos positivos a lo largo y lo ancho de toda la Provincia\u201d.<\/em><\/p>\n\n\n\n<p>A su vez, la prosecretaria de la Fiscal\u00eda a cargo de Paulina Lingua, del Segundo Turno, Sandra Fern\u00e1ndez, explic\u00f3 que la investigaci\u00f3n&nbsp;<em>\u201cse inici\u00f3 hace cuatro meses, prosigui\u00f3 el fin de semana con cuatro allanamientos, donde hubo tres aprehendidos y donde dos quedaron detenidos\u201d<\/em>. La funcionaria judicial tambi\u00e9n indic\u00f3 la cantidad de droga sint\u00e9tica secuestrada y se\u00f1al\u00f3 que la investigaci\u00f3n sigue en curso.<\/p>\n\n\n\n<p>Mientras que el Jefe de la FPA, Camilo Lassaga, explic\u00f3 que esta nueva investigaci\u00f3n, iniciada por narcomenudeo permiti\u00f3 dar&nbsp;<em>\u201ccon estos involucrados, quienes vend\u00edan a personas que consumen en eventos y en fiestas electr\u00f3nicas. Ellos la comercializaban, tanto en formato delivery o lo hac\u00edan en puntos de venta, que estaban ubicados en uno de los lugares allanados\u201d<\/em>, explic\u00f3.<\/p>\n\n\n\n<p>Finalmente, Lassaga indic\u00f3 que la Fuerza Policial Antinarcotr\u00e1fico&nbsp;<em>\u201cest\u00e1 llevando adelante unos sesenta procedimientos semanales de narcomenudeo\u201d.<\/em><\/p>\n","protected":false},"excerpt":{"rendered":"<p>\u201cEs el mayor secuestro de droga sint\u00e9tica desde la creaci\u00f3n de la Fuerza Policial Antinarcotr\u00e1fico\u201d, se\u00f1al\u00f3 el Ministro de Justicia y Trabajo, Juli\u00e1n L\u00f3pez, al momento de la difusi\u00f3n de los resultados alcanzados por una de las fiscal\u00edas antinarcotr\u00e1fico con las que cuenta la Provincia y que est\u00e1n abocadas a la lucha y combate del [&hellip;]<\/p>\n","protected":false},"author":1,"featured_media":13871,"comment_status":"closed","ping_status":"closed","sticky":false,"template":"","format":"standard","meta":{"footnotes":""},"categories":[69],"tags":[345],"class_list":["post-13870","post","type-post","status-publish","format-standard","has-post-thumbnail","hentry","category-noticias","tag-destacar"],"_links":{"self":[{"href":"https:\/\/www.nextmultimedio.com\/index.php?rest_route=\/wp\/v2\/posts\/13870","targetHints":{"allow":["GET"]}}],"collection":[{"href":"https:\/\/www.nextmultimedio.com\/index.php?rest_route=\/wp\/v2\/posts"}],"about":[{"href":"https:\/\/www.nextmultimedio.com\/index.php?rest_route=\/wp\/v2\/types\/post"}],"author":[{"embeddable":true,"href":"https:\/\/www.nextmultimedio.com\/index.php?rest_route=\/wp\/v2\/users\/1"}],"replies":[{"embeddable":true,"href":"https:\/\/www.nextmultimedio.com\/index.php?rest_route=%2Fwp%2Fv2%2Fcomments&post=13870"}],"version-history":[{"count":1,"href":"https:\/\/www.nextmultimedio.com\/index.php?rest_route=\/wp\/v2\/posts\/13870\/revisions"}],"predecessor-version":[{"id":13872,"href":"https:\/\/www.nextmultimedio.com\/index.php?rest_route=\/wp\/v2\/posts\/13870\/revisions\/13872"}],"wp:featuredmedia":[{"embeddable":true,"href":"https:\/\/www.nextmultimedio.com\/index.php?rest_route=\/wp\/v2\/media\/13871"}],"wp:attachment":[{"href":"https:\/\/www.nextmultimedio.com\/index.php?rest_route=%2Fwp%2Fv2%2Fmedia&parent=13870"}],"wp:term":[{"taxonomy":"category","embeddable":true,"href":"https:\/\/www.nextmultimedio.com\/index.php?rest_route=%2Fwp%2Fv2%2Fcategories&post=13870"},{"taxonomy":"post_tag","embeddable":true,"href":"https:\/\/www.nextmultimedio.com\/index.php?rest_route=%2Fwp%2Fv2%2Ftags&post=13870"}],"curies":[{"name":"wp","href":"https:\/\/api.w.org\/{rel}","templated":true}]}}