{"id":13840,"date":"2026-03-05T18:35:25","date_gmt":"2026-03-05T21:35:25","guid":{"rendered":"https:\/\/www.nextmultimedio.com\/?p=13840"},"modified":"2026-03-05T18:35:26","modified_gmt":"2026-03-05T21:35:26","slug":"cordoba-impulsa-la-ley-joaquin-para-proteger-a-victimas-de-delitos","status":"publish","type":"post","link":"https:\/\/www.nextmultimedio.com\/?p=13840","title":{"rendered":"C\u00d3RDOBA IMPULSA LA \u201cLEY JOAQU\u00cdN\u201d PARA PROTEGER A V\u00cdCTIMAS DE DELITOS"},"content":{"rendered":"\n<p>El gobernador Mart\u00edn Llaryora envi\u00f3 a la Legislatura un proyecto para crear un R\u00e9gimen Provincial de Protecci\u00f3n de V\u00edctimas de Delitos, que establecer\u00e1 est\u00e1ndares m\u00ednimos de trato, informaci\u00f3n, asistencia y reparaci\u00f3n.<\/p>\n\n\n\n<p>La iniciativa \u2014denominada \u201cLey Joaqu\u00edn\u201d, en memoria de Joaqu\u00edn Sperani\u2014 busca garantizar acompa\u00f1amiento desde el primer contacto con la Justicia, evitando la revictimizaci\u00f3n y asegurando patrocinio jur\u00eddico, asistencia integral gratuita y medidas urgentes de protecci\u00f3n.<\/p>\n\n\n\n<p>Adem\u00e1s, propone cambios en el C\u00f3digo Procesal Penal para hacer efectivos estos derechos sin alterar el debido proceso.<\/p>\n\n\n\n<p>El objetivo: fortalecer la tutela y dar respuestas m\u00e1s r\u00e1pidas y claras a quienes atraviesan un proceso penal.<\/p>\n\n\n\n<p><a href=\"https:\/\/www.facebook.com\/photo\/?fbid=1524714096326428&amp;set=a.356501556481027&amp;__cft__[0]=AZbi6eFMClI_tPhNB3LqzUDJgvwQB9KRy_uXq4-IqSeiR17jiI8QzVDklB2hKCgjbtZ0GNZC9KIw9w_2_vbepu7tn0oGrD97PSAX_mzNE8KJN63T6SZD2WifBOMfDgY5ChyAtcXOCD4churfL6KJHjMfDhL0lzUMMOxFMmmmgAcwye0gp6Wq2_cdI-oYzC8gTXg&amp;__tn__=EH-R\"><\/a><\/p>\n\n\n\n<figure class=\"wp-block-image size-full\"><img loading=\"lazy\" decoding=\"async\" width=\"843\" height=\"540\" src=\"https:\/\/www.nextmultimedio.com\/wp-content\/uploads\/2026\/03\/image-15.jpeg\" alt=\"\" class=\"wp-image-13841\" srcset=\"https:\/\/www.nextmultimedio.com\/wp-content\/uploads\/2026\/03\/image-15.jpeg 843w, https:\/\/www.nextmultimedio.com\/wp-content\/uploads\/2026\/03\/image-15-300x192.jpeg 300w, https:\/\/www.nextmultimedio.com\/wp-content\/uploads\/2026\/03\/image-15-768x492.jpeg 768w, https:\/\/www.nextmultimedio.com\/wp-content\/uploads\/2026\/03\/image-15-95x60.jpeg 95w\" sizes=\"auto, (max-width: 843px) 100vw, 843px\" \/><\/figure>\n","protected":false},"excerpt":{"rendered":"<p>El gobernador Mart\u00edn Llaryora envi\u00f3 a la Legislatura un proyecto para crear un R\u00e9gimen Provincial de Protecci\u00f3n de V\u00edctimas de Delitos, que establecer\u00e1 est\u00e1ndares m\u00ednimos de trato, informaci\u00f3n, asistencia y reparaci\u00f3n. La iniciativa \u2014denominada \u201cLey Joaqu\u00edn\u201d, en memoria de Joaqu\u00edn Sperani\u2014 busca garantizar acompa\u00f1amiento desde el primer contacto con la Justicia, evitando la revictimizaci\u00f3n y [&hellip;]<\/p>\n","protected":false},"author":1,"featured_media":13841,"comment_status":"closed","ping_status":"closed","sticky":false,"template":"","format":"standard","meta":{"footnotes":""},"categories":[69],"tags":[345],"class_list":["post-13840","post","type-post","status-publish","format-standard","has-post-thumbnail","hentry","category-noticias","tag-destacar"],"_links":{"self":[{"href":"https:\/\/www.nextmultimedio.com\/index.php?rest_route=\/wp\/v2\/posts\/13840","targetHints":{"allow":["GET"]}}],"collection":[{"href":"https:\/\/www.nextmultimedio.com\/index.php?rest_route=\/wp\/v2\/posts"}],"about":[{"href":"https:\/\/www.nextmultimedio.com\/index.php?rest_route=\/wp\/v2\/types\/post"}],"author":[{"embeddable":true,"href":"https:\/\/www.nextmultimedio.com\/index.php?rest_route=\/wp\/v2\/users\/1"}],"replies":[{"embeddable":true,"href":"https:\/\/www.nextmultimedio.com\/index.php?rest_route=%2Fwp%2Fv2%2Fcomments&post=13840"}],"version-history":[{"count":1,"href":"https:\/\/www.nextmultimedio.com\/index.php?rest_route=\/wp\/v2\/posts\/13840\/revisions"}],"predecessor-version":[{"id":13842,"href":"https:\/\/www.nextmultimedio.com\/index.php?rest_route=\/wp\/v2\/posts\/13840\/revisions\/13842"}],"wp:featuredmedia":[{"embeddable":true,"href":"https:\/\/www.nextmultimedio.com\/index.php?rest_route=\/wp\/v2\/media\/13841"}],"wp:attachment":[{"href":"https:\/\/www.nextmultimedio.com\/index.php?rest_route=%2Fwp%2Fv2%2Fmedia&parent=13840"}],"wp:term":[{"taxonomy":"category","embeddable":true,"href":"https:\/\/www.nextmultimedio.com\/index.php?rest_route=%2Fwp%2Fv2%2Fcategories&post=13840"},{"taxonomy":"post_tag","embeddable":true,"href":"https:\/\/www.nextmultimedio.com\/index.php?rest_route=%2Fwp%2Fv2%2Ftags&post=13840"}],"curies":[{"name":"wp","href":"https:\/\/api.w.org\/{rel}","templated":true}]}}