{"id":13837,"date":"2026-03-05T18:33:43","date_gmt":"2026-03-05T21:33:43","guid":{"rendered":"https:\/\/www.nextmultimedio.com\/?p=13837"},"modified":"2026-03-05T18:33:44","modified_gmt":"2026-03-05T21:33:44","slug":"vuelta-a-clasesuepc-confirma-nuevo-paro-docente","status":"publish","type":"post","link":"https:\/\/www.nextmultimedio.com\/?p=13837","title":{"rendered":"VUELTA A CLASES:UEPC CONFIRMA NUEVO PARO DOCENTE"},"content":{"rendered":"\n<p>UEPC resolvi\u00f3 rechazar la propuesta salarial y anunci\u00f3 paro provincial<\/p>\n\n\n\n<p>La Uni\u00f3n de Educadores de la Provincia de C\u00f3rdoba (UEPC) resolvi\u00f3 no aceptar la propuesta salarial presentada por el Gobierno provincial, al considerarla insuficiente para recomponer el poder adquisitivo del sector docente.<\/p>\n\n\n\n<p>En ese marco, el gremio exigi\u00f3 una nueva oferta que contemple la recuperaci\u00f3n del salario, aumentos actualizados por IPC, garantizados y acumulativos mes a mes, as\u00ed como el blanqueo de las sumas no remunerativas.<\/p>\n\n\n\n<p>Adem\u00e1s, reclam\u00f3 la continuidad del FONID para docentes activos y jubilados, con actualizaci\u00f3n por inflaci\u00f3n durante el per\u00edodo paritario; la suspensi\u00f3n del FOSAEC mientras dure la negociaci\u00f3n; y la derogaci\u00f3n de la Ley de Equidad Jubilatoria 10.694 (anteriormente mencionada como 11.087).<\/p>\n\n\n\n<p>Como medida de fuerza, la UEPC anunci\u00f3 la realizaci\u00f3n de un paro provincial por 24 horas el mi\u00e9rcoles 11 de marzo, que incluir\u00e1 movilizaci\u00f3n.<\/p>\n\n\n\n<p>Desde el gremio se\u00f1alaron que continuar\u00e1n en estado de asamblea a la espera de una nueva convocatoria que d\u00e9 respuesta a los planteos del sector.<\/p>\n\n\n\n<p><a href=\"https:\/\/www.facebook.com\/photo\/?fbid=1524737989657372&amp;set=a.356501556481027&amp;__cft__[0]=AZYjRIUiOfu_BnTxi2TE7hm6UEW1Mb17_k6j6jm_m8tFCuhi6XAfEI6z-NPRA4XU7C4mL1mBujfmxP6jTYw54MAwwb_zUbiYWpdueJ-Sq4Qnr1xV3zg4iyNMU2UQo9jD1R4wVgD5vuRDjmtXzithXfJXQQVTA4MxvBk3EJzPViEnykHvBz5fOITWDxCKQIWeJgs&amp;__tn__=EH-R\"><\/a><\/p>\n\n\n\n<figure class=\"wp-block-image size-full\"><img loading=\"lazy\" decoding=\"async\" width=\"526\" height=\"526\" src=\"https:\/\/www.nextmultimedio.com\/wp-content\/uploads\/2026\/03\/image-14.jpeg\" alt=\"\" class=\"wp-image-13838\" srcset=\"https:\/\/www.nextmultimedio.com\/wp-content\/uploads\/2026\/03\/image-14.jpeg 526w, https:\/\/www.nextmultimedio.com\/wp-content\/uploads\/2026\/03\/image-14-300x300.jpeg 300w\" sizes=\"auto, (max-width: 526px) 100vw, 526px\" \/><\/figure>\n","protected":false},"excerpt":{"rendered":"<p>UEPC resolvi\u00f3 rechazar la propuesta salarial y anunci\u00f3 paro provincial La Uni\u00f3n de Educadores de la Provincia de C\u00f3rdoba (UEPC) resolvi\u00f3 no aceptar la propuesta salarial presentada por el Gobierno provincial, al considerarla insuficiente para recomponer el poder adquisitivo del sector docente. En ese marco, el gremio exigi\u00f3 una nueva oferta que contemple la recuperaci\u00f3n [&hellip;]<\/p>\n","protected":false},"author":1,"featured_media":13838,"comment_status":"closed","ping_status":"closed","sticky":false,"template":"","format":"standard","meta":{"footnotes":""},"categories":[69],"tags":[345],"class_list":["post-13837","post","type-post","status-publish","format-standard","has-post-thumbnail","hentry","category-noticias","tag-destacar"],"_links":{"self":[{"href":"https:\/\/www.nextmultimedio.com\/index.php?rest_route=\/wp\/v2\/posts\/13837","targetHints":{"allow":["GET"]}}],"collection":[{"href":"https:\/\/www.nextmultimedio.com\/index.php?rest_route=\/wp\/v2\/posts"}],"about":[{"href":"https:\/\/www.nextmultimedio.com\/index.php?rest_route=\/wp\/v2\/types\/post"}],"author":[{"embeddable":true,"href":"https:\/\/www.nextmultimedio.com\/index.php?rest_route=\/wp\/v2\/users\/1"}],"replies":[{"embeddable":true,"href":"https:\/\/www.nextmultimedio.com\/index.php?rest_route=%2Fwp%2Fv2%2Fcomments&post=13837"}],"version-history":[{"count":1,"href":"https:\/\/www.nextmultimedio.com\/index.php?rest_route=\/wp\/v2\/posts\/13837\/revisions"}],"predecessor-version":[{"id":13839,"href":"https:\/\/www.nextmultimedio.com\/index.php?rest_route=\/wp\/v2\/posts\/13837\/revisions\/13839"}],"wp:featuredmedia":[{"embeddable":true,"href":"https:\/\/www.nextmultimedio.com\/index.php?rest_route=\/wp\/v2\/media\/13838"}],"wp:attachment":[{"href":"https:\/\/www.nextmultimedio.com\/index.php?rest_route=%2Fwp%2Fv2%2Fmedia&parent=13837"}],"wp:term":[{"taxonomy":"category","embeddable":true,"href":"https:\/\/www.nextmultimedio.com\/index.php?rest_route=%2Fwp%2Fv2%2Fcategories&post=13837"},{"taxonomy":"post_tag","embeddable":true,"href":"https:\/\/www.nextmultimedio.com\/index.php?rest_route=%2Fwp%2Fv2%2Ftags&post=13837"}],"curies":[{"name":"wp","href":"https:\/\/api.w.org\/{rel}","templated":true}]}}