{"id":13831,"date":"2026-03-04T18:18:36","date_gmt":"2026-03-04T21:18:36","guid":{"rendered":"https:\/\/www.nextmultimedio.com\/?p=13831"},"modified":"2026-03-04T18:18:37","modified_gmt":"2026-03-04T21:18:37","slug":"accidente-de-transitouna-mujer-en-motocicleta-herida","status":"publish","type":"post","link":"https:\/\/www.nextmultimedio.com\/?p=13831","title":{"rendered":"ACCIDENTE DE TR\u00c1NSITO:UNA MUJER EN MOTOCICLETA HERIDA"},"content":{"rendered":"\n<p>Una colisi\u00f3n entre un autom\u00f3vil y una motocicleta se produjo anoche en Av. Gral. Paz y Pje. San Ignacio<\/p>\n\n\n\n<p>El incidente ocurri\u00f3 alrededor de las 22:55hs del 03\/03\/2026, cuando una mujer de 45 a\u00f1os que conduc\u00eda un Toyota Etios fue impactada en la parte trasera por una motocicleta Honda 125cc conducida por una mujer de 51 a\u00f1os.<\/p>\n\n\n\n<p>La conductora de la moto sufri\u00f3 un traumatismo en el miembro superior derecho con posible fractura y fue trasladada al hospital Sayago para recibir atenci\u00f3n m\u00e9dica.<\/p>\n\n\n\n<p><a href=\"https:\/\/www.facebook.com\/photo\/?fbid=1523667266431111&amp;set=a.356501556481027&amp;__cft__[0]=AZbEjwHmeozu3I8piLPZBdx78Lr29L3L72da9AnG-gU3MQqUVbMio7FRDfI-cabxSCtfCNCw6FASlkGk4av-V5dKfvOnaJBgnPlFl7t9U096e4c8QPjQ1-RdqN2ducaQMlZygooikyO4IGIhFyP1XClbvKlY71qx39xGUslVYLC6_994s2p6brKnYcg6pBJ9IAY&amp;__tn__=EH-R\"><\/a><\/p>\n\n\n\n<figure class=\"wp-block-image size-full\"><img loading=\"lazy\" decoding=\"async\" width=\"811\" height=\"540\" src=\"https:\/\/www.nextmultimedio.com\/wp-content\/uploads\/2026\/03\/image-12.jpeg\" alt=\"\" class=\"wp-image-13832\" srcset=\"https:\/\/www.nextmultimedio.com\/wp-content\/uploads\/2026\/03\/image-12.jpeg 811w, https:\/\/www.nextmultimedio.com\/wp-content\/uploads\/2026\/03\/image-12-300x200.jpeg 300w, https:\/\/www.nextmultimedio.com\/wp-content\/uploads\/2026\/03\/image-12-768x511.jpeg 768w\" sizes=\"auto, (max-width: 811px) 100vw, 811px\" \/><\/figure>\n","protected":false},"excerpt":{"rendered":"<p>Una colisi\u00f3n entre un autom\u00f3vil y una motocicleta se produjo anoche en Av. Gral. Paz y Pje. San Ignacio El incidente ocurri\u00f3 alrededor de las 22:55hs del 03\/03\/2026, cuando una mujer de 45 a\u00f1os que conduc\u00eda un Toyota Etios fue impactada en la parte trasera por una motocicleta Honda 125cc conducida por una mujer de [&hellip;]<\/p>\n","protected":false},"author":1,"featured_media":13832,"comment_status":"closed","ping_status":"closed","sticky":false,"template":"","format":"standard","meta":{"footnotes":""},"categories":[69],"tags":[345],"class_list":["post-13831","post","type-post","status-publish","format-standard","has-post-thumbnail","hentry","category-noticias","tag-destacar"],"_links":{"self":[{"href":"https:\/\/www.nextmultimedio.com\/index.php?rest_route=\/wp\/v2\/posts\/13831","targetHints":{"allow":["GET"]}}],"collection":[{"href":"https:\/\/www.nextmultimedio.com\/index.php?rest_route=\/wp\/v2\/posts"}],"about":[{"href":"https:\/\/www.nextmultimedio.com\/index.php?rest_route=\/wp\/v2\/types\/post"}],"author":[{"embeddable":true,"href":"https:\/\/www.nextmultimedio.com\/index.php?rest_route=\/wp\/v2\/users\/1"}],"replies":[{"embeddable":true,"href":"https:\/\/www.nextmultimedio.com\/index.php?rest_route=%2Fwp%2Fv2%2Fcomments&post=13831"}],"version-history":[{"count":1,"href":"https:\/\/www.nextmultimedio.com\/index.php?rest_route=\/wp\/v2\/posts\/13831\/revisions"}],"predecessor-version":[{"id":13833,"href":"https:\/\/www.nextmultimedio.com\/index.php?rest_route=\/wp\/v2\/posts\/13831\/revisions\/13833"}],"wp:featuredmedia":[{"embeddable":true,"href":"https:\/\/www.nextmultimedio.com\/index.php?rest_route=\/wp\/v2\/media\/13832"}],"wp:attachment":[{"href":"https:\/\/www.nextmultimedio.com\/index.php?rest_route=%2Fwp%2Fv2%2Fmedia&parent=13831"}],"wp:term":[{"taxonomy":"category","embeddable":true,"href":"https:\/\/www.nextmultimedio.com\/index.php?rest_route=%2Fwp%2Fv2%2Fcategories&post=13831"},{"taxonomy":"post_tag","embeddable":true,"href":"https:\/\/www.nextmultimedio.com\/index.php?rest_route=%2Fwp%2Fv2%2Ftags&post=13831"}],"curies":[{"name":"wp","href":"https:\/\/api.w.org\/{rel}","templated":true}]}}