{"id":13820,"date":"2026-03-03T23:41:25","date_gmt":"2026-03-04T02:41:25","guid":{"rendered":"https:\/\/www.nextmultimedio.com\/?p=13820"},"modified":"2026-03-03T23:41:26","modified_gmt":"2026-03-04T02:41:26","slug":"la-uepc-analiza-realizar-otro-paro","status":"publish","type":"post","link":"https:\/\/www.nextmultimedio.com\/?p=13820","title":{"rendered":"LA UEPC ANALIZA REALIZAR OTRO PARO"},"content":{"rendered":"\n<p>La Uni\u00f3n de Educadores de la Provincia de C\u00f3rdoba (Uepc) resolvi\u00f3 convocar a otra medida de fuerza provincial por 24 horas el mi\u00e9rcoles 11 de marzo, siempre y cuando no haya una mejor propuesta en el marco de la negociaci\u00f3n salarial con el Gobierno provincial.<\/p>\n\n\n\n<p>La decisi\u00f3n fue tomada este martes  por los Delegados Departamentales, luego del cuarto intermedio dispuesto en la Asamblea Provincial del pasado viernes 27 de febrero.<\/p>\n\n\n\n<p>Desde el gremio informaron que resolvieron no aceptar la propuesta salarial por considerarla insuficiente y exigieron una nueva oferta que contemple:<\/p>\n\n\n\n<p>Aumentos por IPC, garantizados y acumulativos sobre el mes anterior.<br>Blanqueo de las sumas no remunerativas.<br>Continuidad del FONID para activos y jubilados, con actualizaci\u00f3n por IPC durante la paritaria.<br>Suspensi\u00f3n del FOSAEC por el tiempo total de la negociaci\u00f3n.<br>Derogaci\u00f3n de la Ley de Equidad Jubilatoria 11.087.<br>Suspensi\u00f3n del art\u00edculo 3 (\u00edtem profesionalidad docente).<br>Incorporaci\u00f3n autom\u00e1tica de mejoras si otros gremios estatales obtienen incrementos superiores.<\/p>\n\n\n\n<p>Adem\u00e1s, ratificaron el pedido conjunto con otros sindicatos estatales para una soluci\u00f3n urgente a los trabajadores afectados por descuentos del Banco de C\u00f3rdoba.<\/p>\n\n\n\n<p>El gremio tambi\u00e9n dej\u00f3 abierta la posibilidad de suspender la medida de fuerza si el Ejecutivo presenta una propuesta superadora: \u201cEn caso de existir una propuesta que contenga los requerimientos resueltos en la Asamblea, suspender la medida de fuerza y activar los mecanismos de consulta\u201d, se\u00f1alaron.<\/p>\n\n\n\n<p>Adhesi\u00f3n al paro por el 8M<\/p>\n\n\n\n<p>En el marco del D\u00eda Internacional de la Mujer Trabajadora, la Uepc vot\u00f3 por unanimidad adherir el lunes 9 de marzo a un paro por 24 horas y movilizaci\u00f3n en Capital y acciones en el interior provincial.<\/p>\n\n\n\n<p>Reclamos a nivel nacional<\/p>\n\n\n\n<p>La restituci\u00f3n de la paritaria nacional docente.<br>La devoluci\u00f3n del FONID.<br>Una nueva ley de financiamiento educativo.<br>La convocatoria urgente a paritarias nacionales.<br>El rechazo a la reforma laboral, jubilatoria y de \u201clibertad educativa\u201d.<br>El env\u00edo de fondos nacionales a las cajas no transferidas.<br>La palabra del Gobierno de C\u00f3rdoba<\/p>\n\n\n\n<p><\/p>\n","protected":false},"excerpt":{"rendered":"<p>La Uni\u00f3n de Educadores de la Provincia de C\u00f3rdoba (Uepc) resolvi\u00f3 convocar a otra medida de fuerza provincial por 24 horas el mi\u00e9rcoles 11 de marzo, siempre y cuando no haya una mejor propuesta en el marco de la negociaci\u00f3n salarial con el Gobierno provincial. La decisi\u00f3n fue tomada este martes por los Delegados Departamentales, [&hellip;]<\/p>\n","protected":false},"author":1,"featured_media":13801,"comment_status":"closed","ping_status":"closed","sticky":false,"template":"","format":"standard","meta":{"footnotes":""},"categories":[69],"tags":[345],"class_list":["post-13820","post","type-post","status-publish","format-standard","has-post-thumbnail","hentry","category-noticias","tag-destacar"],"_links":{"self":[{"href":"https:\/\/www.nextmultimedio.com\/index.php?rest_route=\/wp\/v2\/posts\/13820","targetHints":{"allow":["GET"]}}],"collection":[{"href":"https:\/\/www.nextmultimedio.com\/index.php?rest_route=\/wp\/v2\/posts"}],"about":[{"href":"https:\/\/www.nextmultimedio.com\/index.php?rest_route=\/wp\/v2\/types\/post"}],"author":[{"embeddable":true,"href":"https:\/\/www.nextmultimedio.com\/index.php?rest_route=\/wp\/v2\/users\/1"}],"replies":[{"embeddable":true,"href":"https:\/\/www.nextmultimedio.com\/index.php?rest_route=%2Fwp%2Fv2%2Fcomments&post=13820"}],"version-history":[{"count":1,"href":"https:\/\/www.nextmultimedio.com\/index.php?rest_route=\/wp\/v2\/posts\/13820\/revisions"}],"predecessor-version":[{"id":13821,"href":"https:\/\/www.nextmultimedio.com\/index.php?rest_route=\/wp\/v2\/posts\/13820\/revisions\/13821"}],"wp:featuredmedia":[{"embeddable":true,"href":"https:\/\/www.nextmultimedio.com\/index.php?rest_route=\/wp\/v2\/media\/13801"}],"wp:attachment":[{"href":"https:\/\/www.nextmultimedio.com\/index.php?rest_route=%2Fwp%2Fv2%2Fmedia&parent=13820"}],"wp:term":[{"taxonomy":"category","embeddable":true,"href":"https:\/\/www.nextmultimedio.com\/index.php?rest_route=%2Fwp%2Fv2%2Fcategories&post=13820"},{"taxonomy":"post_tag","embeddable":true,"href":"https:\/\/www.nextmultimedio.com\/index.php?rest_route=%2Fwp%2Fv2%2Ftags&post=13820"}],"curies":[{"name":"wp","href":"https:\/\/api.w.org\/{rel}","templated":true}]}}