{"id":13814,"date":"2026-03-03T23:32:26","date_gmt":"2026-03-04T02:32:26","guid":{"rendered":"https:\/\/www.nextmultimedio.com\/?p=13814"},"modified":"2026-03-03T23:34:21","modified_gmt":"2026-03-04T02:34:21","slug":"el-rally-cordobes-presento-la-temporada-2026","status":"publish","type":"post","link":"https:\/\/www.nextmultimedio.com\/?p=13814","title":{"rendered":"EL RALLY CORDOB\u00c9S PRESENT\u00d3 LA TEMPORADA 2026"},"content":{"rendered":"\n<p>Este martes, en la Sala de Conferencias del Estadio Mario Alberto Kempes, se present\u00f3 oficialmente la Temporada 2026 del Rally Cordob\u00e9s, el certamen provincial m\u00e1s exitoso del pa\u00eds y uno de los grandes emblemas del automovilismo argentino.<\/p>\n\n\n\n<p>La temporada comenzar\u00e1 su primera fecha que tendr\u00e1 lugar del 6 al 8 de marzo con el tradicional Rally de Santa Rosa de Calamuchita, primera de las nueve fechas que recorrer\u00e1n distintos puntos de la provincia.<\/p>\n\n\n\n<p>La presentaci\u00f3n estuvo encabezada por el ministro de Vinculaci\u00f3n y Gesti\u00f3n Institucional, Miguel Siciliano, quien puso en valor el impacto integral del campeonato:&nbsp;<em>\u201cQuiero destacar que C\u00f3rdoba es rally, no solamente en el aspecto deportivo, sino en que C\u00f3rdoba es industria. El Rally es una industria y en el Rally Cordob\u00e9s trabajan de manera directa e indirecta m\u00e1s de 500 familias\u201d.<\/em>&nbsp;Adem\u00e1s, celebr\u00f3 el acompa\u00f1amiento de las \u00e1reas de Turismo y Deporte, junto a los intendentes de las localidades sede, y afirm\u00f3 que<em>&nbsp;\u201ccuando vos acompa\u00f1\u00e1s al rally, acompa\u00f1\u00e1s a la industria\u201d.<\/em><\/p>\n\n\n\n<p>El certamen, considerado como la serie provincial m\u00e1s exitosa del pa\u00eds, recorrer\u00e1 distintos puntos del territorio cordob\u00e9s, combinando tradici\u00f3n, exigencia deportiva y una fuerte convocatoria de p\u00fablico.<\/p>\n\n\n\n<figure class=\"wp-block-image\"><a href=\"https:\/\/prensa.cba.gov.ar\/wp-content\/uploads\/2026\/03\/presentacion-rally-gob-3-1.jpg\"><img decoding=\"async\" src=\"https:\/\/prensa.cba.gov.ar\/wp-content\/uploads\/2026\/03\/presentacion-rally-gob-3-1.jpg\" alt=\"\" class=\"wp-image-637530\"\/><\/a><\/figure>\n\n\n\n<p>Al respecto, Agust\u00edn Calleri, presidente de la Agencia C\u00f3rdoba Deportes, destac\u00f3 el acompa\u00f1amiento sostenido del Gobierno provincial:&nbsp;<em>\u201cPara nosotros es muy importante como Agencia y como Gobierno de la Provincia de C\u00f3rdoba estar acompa\u00f1ando todos los a\u00f1os al Rally Cordob\u00e9s, porque sabemos lo que significa deportivamente hablando, no solamente a nivel nacional, sino tambi\u00e9n a nivel sudamericano\u201d.<\/em><\/p>\n\n\n\n<p>La jornada cont\u00f3 adem\u00e1s con la presencia de intendentes de las distintas sedes que formar\u00e1n parte del calendario 2026, reafirmando el trabajo coordinado entre Provincia y municipios para garantizar la log\u00edstica, la seguridad y el desarrollo de cada fecha.<\/p>\n\n\n\n<p>El presidente de la Agencia C\u00f3rdoba Turismo, Dario Capitani, se\u00f1al\u00f3 que<em>&nbsp;\u201cel Rally Cordob\u00e9s es un producto tur\u00edstico y atractivo que sin duda potencia a nuestra C\u00f3rdoba y fortalece esa econom\u00eda de la que siempre hablamos, la econom\u00eda naranja, la que vende y potencia cada una de las localidades\u201d<\/em>. En esa l\u00ednea, se remarc\u00f3 el movimiento que genera en hoteler\u00eda, gastronom\u00eda y comercios regionales cada fin de semana de competencia.<\/p>\n\n\n\n<p>Por su parte, el presidente de ACCOR, Gustavo Beccaria, anunci\u00f3 un acuerdo alcanzado a trav\u00e9s de la Agencia C\u00f3rdoba Deportes con Bancor, que permitir\u00e1 a pilotos y navegantes acceder a financiaci\u00f3n exclusiva mediante tarjeta Cordobesa para la compra de indumentaria homologada.&nbsp;<em>\u201cEs un paso muy importante hacia adelante en lo que es la seguridad del individuo\u201d,&nbsp;<\/em>afirm\u00f3.<\/p>\n\n\n\n<p>El lanzamiento tambi\u00e9n cont\u00f3 con la participaci\u00f3n de Marcelo Frossasco, titular de COSEDEPRO; Julio Mungi, en representaci\u00f3n de la Federaci\u00f3n Regional de Automovilismo Deportivo de C\u00f3rdoba (FRAD); y vocales de la Agencia C\u00f3rdoba Deportes.<\/p>\n\n\n\n<p>Con pilotos, navegantes y equipos listos para salir a escena, el Rally Cordob\u00e9s 2026 se prepara para volver a poner en marcha los caminos de la provincia, consolidando una competencia que es identidad, espect\u00e1culo y motor productivo para C\u00f3rdoba.<br>Toda la informaci\u00f3n sobre el rally cordob\u00e9s est\u00e1 disponible en la web&nbsp;<a href=\"http:\/\/www.rallycordobes.com.ar\/\" target=\"_blank\" rel=\"noreferrer noopener\">www.rallycordobes.com.ar<\/a>. La cuenta regresiva ya comenz\u00f3. C\u00f3rdoba, en este 2026, vuelve a encender motores.Navegaci\u00f3n de entradas<\/p>\n","protected":false},"excerpt":{"rendered":"<p>Este martes, en la Sala de Conferencias del Estadio Mario Alberto Kempes, se present\u00f3 oficialmente la Temporada 2026 del Rally Cordob\u00e9s, el certamen provincial m\u00e1s exitoso del pa\u00eds y uno de los grandes emblemas del automovilismo argentino. La temporada comenzar\u00e1 su primera fecha que tendr\u00e1 lugar del 6 al 8 de marzo con el tradicional [&hellip;]<\/p>\n","protected":false},"author":1,"featured_media":13815,"comment_status":"closed","ping_status":"closed","sticky":false,"template":"","format":"standard","meta":{"footnotes":""},"categories":[69],"tags":[345],"class_list":["post-13814","post","type-post","status-publish","format-standard","has-post-thumbnail","hentry","category-noticias","tag-destacar"],"_links":{"self":[{"href":"https:\/\/www.nextmultimedio.com\/index.php?rest_route=\/wp\/v2\/posts\/13814","targetHints":{"allow":["GET"]}}],"collection":[{"href":"https:\/\/www.nextmultimedio.com\/index.php?rest_route=\/wp\/v2\/posts"}],"about":[{"href":"https:\/\/www.nextmultimedio.com\/index.php?rest_route=\/wp\/v2\/types\/post"}],"author":[{"embeddable":true,"href":"https:\/\/www.nextmultimedio.com\/index.php?rest_route=\/wp\/v2\/users\/1"}],"replies":[{"embeddable":true,"href":"https:\/\/www.nextmultimedio.com\/index.php?rest_route=%2Fwp%2Fv2%2Fcomments&post=13814"}],"version-history":[{"count":2,"href":"https:\/\/www.nextmultimedio.com\/index.php?rest_route=\/wp\/v2\/posts\/13814\/revisions"}],"predecessor-version":[{"id":13818,"href":"https:\/\/www.nextmultimedio.com\/index.php?rest_route=\/wp\/v2\/posts\/13814\/revisions\/13818"}],"wp:featuredmedia":[{"embeddable":true,"href":"https:\/\/www.nextmultimedio.com\/index.php?rest_route=\/wp\/v2\/media\/13815"}],"wp:attachment":[{"href":"https:\/\/www.nextmultimedio.com\/index.php?rest_route=%2Fwp%2Fv2%2Fmedia&parent=13814"}],"wp:term":[{"taxonomy":"category","embeddable":true,"href":"https:\/\/www.nextmultimedio.com\/index.php?rest_route=%2Fwp%2Fv2%2Fcategories&post=13814"},{"taxonomy":"post_tag","embeddable":true,"href":"https:\/\/www.nextmultimedio.com\/index.php?rest_route=%2Fwp%2Fv2%2Ftags&post=13814"}],"curies":[{"name":"wp","href":"https:\/\/api.w.org\/{rel}","templated":true}]}}