{"id":13608,"date":"2026-02-13T17:46:30","date_gmt":"2026-02-13T20:46:30","guid":{"rendered":"https:\/\/www.nextmultimedio.com\/?p=13608"},"modified":"2026-02-13T17:46:31","modified_gmt":"2026-02-13T20:46:31","slug":"motor-fest-en-la-villatodo-lo-que-tenes-que-saber-para-vivirlo-y-disfrutarlo-en-esta-nota","status":"publish","type":"post","link":"https:\/\/www.nextmultimedio.com\/?p=13608","title":{"rendered":"&#8220;MOTOR FEST&#8221; EN LA VILLA:TODO LO QUE TENES QUE SABER PARA VIVIRLO Y DISFRUTARLO EN ESTA NOTA"},"content":{"rendered":"\n<p>La ciudad de Villa Carlos Paz ser\u00e1 protagonista de uno de los eventos deportivos y tur\u00edsticos m\u00e1s importantes del a\u00f1o con la llegada del Motor Fest Cordob\u00e9s 2026, un espect\u00e1culo que combina automovilismo de alto nivel, entretenimiento y propuestas para toda la familia, que se realizar\u00e1 el s\u00e1bado 14 y domingo 15 de febrero, con entrada libre y gratuita.<\/p>\n\n\n\n<p>El Intendente Esteban Avil\u00e9s junto a la Federaci\u00f3n Regional de Automovilismo Deportivo present\u00f3 este evento que se desarrollar\u00e1 en el Parque Tem\u00e1tico de Villa Carlos Paz, con una carrera de autos de rally en un circuito especialmente dise\u00f1ado, garantizando seguridad, espect\u00e1culo y una experiencia \u00fanica tanto para el p\u00fablico como para los competidores. Participar\u00e1n equipos del Rally Cordob\u00e9s, de todas las categor\u00edas y pilotos de nivel nacional o internacional.<\/p>\n\n\n\n<p>Adem\u00e1s, habr\u00e1 actividades para toda la familia en el Parque de Asistencia del Rally, atracciones para ni\u00f1os, food trucks y desfile de autos por la costa del lago. Los vecinos podr\u00e1n disfrutar all\u00ed de los autos y los equipos durante todo el fin de semana, desde la ma\u00f1ana hacia la noche.<\/p>\n\n\n\n<p>Cronograma<\/p>\n\n\n\n<p>S\u00e1bado 14:&nbsp;<\/p>\n\n\n\n<p>8 hs. Apertura del Parque de Asistencia&nbsp;<\/p>\n\n\n\n<p>14 hs: Cierre del Parque de Asistencia<\/p>\n\n\n\n<p>15 hs. Carrera &#8211; Largada en el Parque Tem\u00e1tico&nbsp;<\/p>\n\n\n\n<p>19 hs. Desfile por la Costa del Lago hacia el centro&nbsp;<\/p>\n\n\n\n<p>Domingo 15:<\/p>\n\n\n\n<p>8 hs. Carrera- Largada en el Parque Tem\u00e1tico&nbsp;<\/p>\n\n\n\n<p>11 hs. Estacionamiento de autos en el Parque de Asistencia del Lago<\/p>\n\n\n\n<p>14 hs. Carrera Prueba especial en Parque Tem\u00e1tico&nbsp;<\/p>\n\n\n\n<p>18 hs. Entrega de Premios<\/p>\n\n\n\n<p><a href=\"https:\/\/www.facebook.com\/photo\/?fbid=1506109271520244&amp;set=pcb.1506109291520242&amp;__cft__[0]=AZabqd5WDVPInIpiyHMh4Jgsl1ADajPzhsjyh4wGVH8wzYbpbi2mYK3qOnRa_KnaWH0NXqShhcfiuoIJLDNNSnRxuVfliIGtlcUxRjfjCqJDFCc-7BAY15oBRfRPQ24Fa0Oggyp6PzNF2XcvXtKrDSl-m5vWHuXxvrPfz3Hagvgi6wocmhATK2qTliFJDqMy_QM&amp;__tn__=*b0H-R\"><\/a><\/p>\n\n\n\n<figure class=\"wp-block-image size-full\"><img loading=\"lazy\" decoding=\"async\" width=\"443\" height=\"590\" src=\"https:\/\/www.nextmultimedio.com\/wp-content\/uploads\/2026\/02\/image-36.jpeg\" alt=\"\" class=\"wp-image-13609\" srcset=\"https:\/\/www.nextmultimedio.com\/wp-content\/uploads\/2026\/02\/image-36.jpeg 443w, https:\/\/www.nextmultimedio.com\/wp-content\/uploads\/2026\/02\/image-36-225x300.jpeg 225w\" sizes=\"auto, (max-width: 443px) 100vw, 443px\" \/><\/figure>\n\n\n\n<p><a href=\"https:\/\/www.facebook.com\/photo\/?fbid=1506109274853577&amp;set=pcb.1506109291520242&amp;__cft__[0]=AZabqd5WDVPInIpiyHMh4Jgsl1ADajPzhsjyh4wGVH8wzYbpbi2mYK3qOnRa_KnaWH0NXqShhcfiuoIJLDNNSnRxuVfliIGtlcUxRjfjCqJDFCc-7BAY15oBRfRPQ24Fa0Oggyp6PzNF2XcvXtKrDSl-m5vWHuXxvrPfz3Hagvgi6wocmhATK2qTliFJDqMy_QM&amp;__tn__=*b1H-R\"><\/a><\/p>\n\n\n\n<figure class=\"wp-block-image\"><a class=\"x1i10hfl x1qjc9v5 xjbqb8w xjqpnuy xc5r6h4 xqeqjp1 x1phubyo x13fuv20 x18b5jzi x1q0q8m5 x1t7ytsu x972fbf x10w94by x1qhh985 x14e42zd x9f619 x1ypdohk xdl72j9 x2lah0s x3ct3a4 xdj266r x14z9mp xat24cr x1lziwak x2lwn1j xeuugli xexx8yu xyri2b x18d9i69 x1c1uobl x16tdsg8 x1hl2dhg xggy1nq x1ja2u2z x1t137rt x1fmog5m xu25z0z x140muxe xo1y3bh x1q0g3np x87ps6o x1lku1pv x1rg5ohu x1a2a7pz x1ey2m1c xtijo5x x1o0tod x10l6tqk x13vifvy x1pdlv7q\" href=\"https:\/\/www.facebook.com\/photo\/?fbid=1506109274853577&amp;set=pcb.1506109291520242&amp;__cft__[0]=AZabqd5WDVPInIpiyHMh4Jgsl1ADajPzhsjyh4wGVH8wzYbpbi2mYK3qOnRa_KnaWH0NXqShhcfiuoIJLDNNSnRxuVfliIGtlcUxRjfjCqJDFCc-7BAY15oBRfRPQ24Fa0Oggyp6PzNF2XcvXtKrDSl-m5vWHuXxvrPfz3Hagvgi6wocmhATK2qTliFJDqMy_QM&amp;__tn__=*b1H-R\"><img decoding=\"async\" src=\"https:\/\/scontent.fcor10-3.fna.fbcdn.net\/v\/t51.82787-15\/628823727_18332924587243999_6534820479667690512_n.webp?stp=dst-jpg_s590x590_tt6&amp;_nc_cat=105&amp;ccb=1-7&amp;_nc_sid=127cfc&amp;_nc_eui2=AeG4TA6PqG1l3enQY02JR0EbbRoRhCdusHptGhGEJ26weoSVCinu94cb8qqTIb50X1c&amp;_nc_ohc=hyg4Uyh-O3cQ7kNvwFb70DU&amp;_nc_oc=AdnqyP2QvuoWvvqnNgu9bKW2ZredCh7pnqA6HhyS81bxc3gnVlVh1UPtm96S0VAfXRQ&amp;_nc_zt=23&amp;_nc_ht=scontent.fcor10-3.fna&amp;_nc_gid=lKo5JtYd5R2m1qKYvHlxng&amp;oh=00_Afu8mnC1evl8B4mBE8ngm9ix35MhCalfoFq_nLu8ZvfTGA&amp;oe=69955398\" alt=\"\"\/><\/a><\/figure>\n\n\n\n<p><a href=\"https:\/\/www.facebook.com\/photo\/?fbid=1506109268186911&amp;set=pcb.1506109291520242&amp;__cft__[0]=AZabqd5WDVPInIpiyHMh4Jgsl1ADajPzhsjyh4wGVH8wzYbpbi2mYK3qOnRa_KnaWH0NXqShhcfiuoIJLDNNSnRxuVfliIGtlcUxRjfjCqJDFCc-7BAY15oBRfRPQ24Fa0Oggyp6PzNF2XcvXtKrDSl-m5vWHuXxvrPfz3Hagvgi6wocmhATK2qTliFJDqMy_QM&amp;__tn__=*b2H-R\"><\/a><\/p>\n\n\n\n<figure class=\"wp-block-image\"><a class=\"x1i10hfl x1qjc9v5 xjbqb8w xjqpnuy xc5r6h4 xqeqjp1 x1phubyo x13fuv20 x18b5jzi x1q0q8m5 x1t7ytsu x972fbf x10w94by x1qhh985 x14e42zd x9f619 x1ypdohk xdl72j9 x2lah0s x3ct3a4 xdj266r x14z9mp xat24cr x1lziwak x2lwn1j xeuugli xexx8yu xyri2b x18d9i69 x1c1uobl x16tdsg8 x1hl2dhg xggy1nq x1ja2u2z x1t137rt x1fmog5m xu25z0z x140muxe xo1y3bh x1q0g3np x87ps6o x1lku1pv x1rg5ohu x1a2a7pz x1ey2m1c xtijo5x x1o0tod x10l6tqk x13vifvy x1pdlv7q\" href=\"https:\/\/www.facebook.com\/photo\/?fbid=1506109268186911&amp;set=pcb.1506109291520242&amp;__cft__[0]=AZabqd5WDVPInIpiyHMh4Jgsl1ADajPzhsjyh4wGVH8wzYbpbi2mYK3qOnRa_KnaWH0NXqShhcfiuoIJLDNNSnRxuVfliIGtlcUxRjfjCqJDFCc-7BAY15oBRfRPQ24Fa0Oggyp6PzNF2XcvXtKrDSl-m5vWHuXxvrPfz3Hagvgi6wocmhATK2qTliFJDqMy_QM&amp;__tn__=*b2H-R\"><img decoding=\"async\" src=\"https:\/\/scontent.fcor10-3.fna.fbcdn.net\/v\/t51.82787-15\/628549854_18332924599243999_3614365841642097305_n.webp?stp=dst-jpg_s590x590_tt6&amp;_nc_cat=108&amp;ccb=1-7&amp;_nc_sid=127cfc&amp;_nc_eui2=AeHkEKr97KU4xqFMdEK9t_m0ej6CgAMStpF6PoKAAxK2kTzjgtt6Zl8C5Q1L3hOeR7c&amp;_nc_ohc=RKqU3fi8GAoQ7kNvwHjshPJ&amp;_nc_oc=AdlarFUgdFju9HsXyY3NnDVaqmTt2cIe19cXqkhjg35GnYksTL8bEzSu65r96VFOOcU&amp;_nc_zt=23&amp;_nc_ht=scontent.fcor10-3.fna&amp;_nc_gid=lKo5JtYd5R2m1qKYvHlxng&amp;oh=00_AfvbJbRhIq4vHyP-h58pq7wPzHS6HoPmmdsso4VyAAwaUg&amp;oe=699572A9\" alt=\"\"\/><\/a><\/figure>\n","protected":false},"excerpt":{"rendered":"<p>La ciudad de Villa Carlos Paz ser\u00e1 protagonista de uno de los eventos deportivos y tur\u00edsticos m\u00e1s importantes del a\u00f1o con la llegada del Motor Fest Cordob\u00e9s 2026, un espect\u00e1culo que combina automovilismo de alto nivel, entretenimiento y propuestas para toda la familia, que se realizar\u00e1 el s\u00e1bado 14 y domingo 15 de febrero, con [&hellip;]<\/p>\n","protected":false},"author":1,"featured_media":13609,"comment_status":"closed","ping_status":"closed","sticky":false,"template":"","format":"standard","meta":{"footnotes":""},"categories":[1],"tags":[345],"class_list":["post-13608","post","type-post","status-publish","format-standard","has-post-thumbnail","hentry","category-sincategoria","tag-destacar"],"_links":{"self":[{"href":"https:\/\/www.nextmultimedio.com\/index.php?rest_route=\/wp\/v2\/posts\/13608","targetHints":{"allow":["GET"]}}],"collection":[{"href":"https:\/\/www.nextmultimedio.com\/index.php?rest_route=\/wp\/v2\/posts"}],"about":[{"href":"https:\/\/www.nextmultimedio.com\/index.php?rest_route=\/wp\/v2\/types\/post"}],"author":[{"embeddable":true,"href":"https:\/\/www.nextmultimedio.com\/index.php?rest_route=\/wp\/v2\/users\/1"}],"replies":[{"embeddable":true,"href":"https:\/\/www.nextmultimedio.com\/index.php?rest_route=%2Fwp%2Fv2%2Fcomments&post=13608"}],"version-history":[{"count":1,"href":"https:\/\/www.nextmultimedio.com\/index.php?rest_route=\/wp\/v2\/posts\/13608\/revisions"}],"predecessor-version":[{"id":13610,"href":"https:\/\/www.nextmultimedio.com\/index.php?rest_route=\/wp\/v2\/posts\/13608\/revisions\/13610"}],"wp:featuredmedia":[{"embeddable":true,"href":"https:\/\/www.nextmultimedio.com\/index.php?rest_route=\/wp\/v2\/media\/13609"}],"wp:attachment":[{"href":"https:\/\/www.nextmultimedio.com\/index.php?rest_route=%2Fwp%2Fv2%2Fmedia&parent=13608"}],"wp:term":[{"taxonomy":"category","embeddable":true,"href":"https:\/\/www.nextmultimedio.com\/index.php?rest_route=%2Fwp%2Fv2%2Fcategories&post=13608"},{"taxonomy":"post_tag","embeddable":true,"href":"https:\/\/www.nextmultimedio.com\/index.php?rest_route=%2Fwp%2Fv2%2Ftags&post=13608"}],"curies":[{"name":"wp","href":"https:\/\/api.w.org\/{rel}","templated":true}]}}