{"id":12824,"date":"2025-12-02T19:22:30","date_gmt":"2025-12-02T22:22:30","guid":{"rendered":"https:\/\/www.nextmultimedio.com\/?p=12824"},"modified":"2025-12-02T19:22:31","modified_gmt":"2025-12-02T22:22:31","slug":"finalizo-la-colocacion-del-nuevo-acueducto-2","status":"publish","type":"post","link":"https:\/\/www.nextmultimedio.com\/?p=12824","title":{"rendered":"FINALIZ\u00d3 LA COLOCACI\u00d3N DEL NUEVO ACUEDUCTO"},"content":{"rendered":"\n<p><\/p>\n\n\n\n<figure class=\"wp-block-image size-full\"><img loading=\"lazy\" decoding=\"async\" width=\"810\" height=\"540\" src=\"https:\/\/www.nextmultimedio.com\/wp-content\/uploads\/2025\/12\/590413198_18324165730243999_3381805117711207893_n-1.jpg\" alt=\"\" class=\"wp-image-12825\" srcset=\"https:\/\/www.nextmultimedio.com\/wp-content\/uploads\/2025\/12\/590413198_18324165730243999_3381805117711207893_n-1.jpg 810w, https:\/\/www.nextmultimedio.com\/wp-content\/uploads\/2025\/12\/590413198_18324165730243999_3381805117711207893_n-1-300x200.jpg 300w, https:\/\/www.nextmultimedio.com\/wp-content\/uploads\/2025\/12\/590413198_18324165730243999_3381805117711207893_n-1-768x512.jpg 768w\" sizes=\"auto, (max-width: 810px) 100vw, 810px\" \/><\/figure>\n\n\n\n<p>El mi\u00e9rcoles 3 de diciembre, se realizar\u00e1 la primera conexi\u00f3n del nuevo acueducto a la red troncal. Esta maniobra es fundamental para poner en funcionamiento la nueva tuber\u00eda y requiere trabajar sin circulaci\u00f3n de agua.<\/p>\n\n\n\n<p>Se restringir\u00e1 el servicio por 24 hs. en toda la ciudad.<\/p>\n\n\n\n<p>El Municipio solicita a todos los vecinos tomar las precauciones necesarias: conservar sus reservorios con agua y evitar todo tipo de derroches durante el mi\u00e9rcoles.<\/p>\n\n\n\n<p>Esta obra es financiada por el Municipio en un 50% junto con la Provincia.<\/p>\n\n\n\n<p>En marzo el municipio continuar\u00e1 con la Refuncionalizaci\u00f3n de Av. C\u00e1rcano (tramo Av. General Paz y Brasil). Este proyecto incluir\u00e1 nueva carpeta asf\u00e1ltica, construcci\u00f3n de un separador central, mejoras en el sistema pluvial. Una inversi\u00f3n integral para mejorar la seguridad vial, optimizar el tr\u00e1nsito y potenciar la conectividad de nuestro corredor tur\u00edstico principal.<\/p>\n\n\n\n<p><a href=\"https:\/\/www.facebook.com\/photo\/?fbid=1442245464573292&amp;set=a.356501556481027&amp;__cft__[0]=AZX9XgVA7vg-RXg6C60xNGL0SJ_YtdZisS-K2gAq5VFSVOYV58f-k4pizdf8ftlc37Q8XBhVfFsX4serTCu-9Qsqt_HiVlD4lGmhJWeYdvEV5xFMaasxwGlA5ioLDelGe4Mc9e89DT87kLUhi4brdG1l&amp;__tn__=EH-R\"><\/a><\/p>\n","protected":false},"excerpt":{"rendered":"<p>El mi\u00e9rcoles 3 de diciembre, se realizar\u00e1 la primera conexi\u00f3n del nuevo acueducto a la red troncal. Esta maniobra es fundamental para poner en funcionamiento la nueva tuber\u00eda y requiere trabajar sin circulaci\u00f3n de agua. Se restringir\u00e1 el servicio por 24 hs. en toda la ciudad. El Municipio solicita a todos los vecinos tomar las [&hellip;]<\/p>\n","protected":false},"author":1,"featured_media":12825,"comment_status":"closed","ping_status":"closed","sticky":false,"template":"","format":"standard","meta":{"footnotes":""},"categories":[69],"tags":[345],"class_list":["post-12824","post","type-post","status-publish","format-standard","has-post-thumbnail","hentry","category-noticias","tag-destacar"],"_links":{"self":[{"href":"https:\/\/www.nextmultimedio.com\/index.php?rest_route=\/wp\/v2\/posts\/12824","targetHints":{"allow":["GET"]}}],"collection":[{"href":"https:\/\/www.nextmultimedio.com\/index.php?rest_route=\/wp\/v2\/posts"}],"about":[{"href":"https:\/\/www.nextmultimedio.com\/index.php?rest_route=\/wp\/v2\/types\/post"}],"author":[{"embeddable":true,"href":"https:\/\/www.nextmultimedio.com\/index.php?rest_route=\/wp\/v2\/users\/1"}],"replies":[{"embeddable":true,"href":"https:\/\/www.nextmultimedio.com\/index.php?rest_route=%2Fwp%2Fv2%2Fcomments&post=12824"}],"version-history":[{"count":1,"href":"https:\/\/www.nextmultimedio.com\/index.php?rest_route=\/wp\/v2\/posts\/12824\/revisions"}],"predecessor-version":[{"id":12826,"href":"https:\/\/www.nextmultimedio.com\/index.php?rest_route=\/wp\/v2\/posts\/12824\/revisions\/12826"}],"wp:featuredmedia":[{"embeddable":true,"href":"https:\/\/www.nextmultimedio.com\/index.php?rest_route=\/wp\/v2\/media\/12825"}],"wp:attachment":[{"href":"https:\/\/www.nextmultimedio.com\/index.php?rest_route=%2Fwp%2Fv2%2Fmedia&parent=12824"}],"wp:term":[{"taxonomy":"category","embeddable":true,"href":"https:\/\/www.nextmultimedio.com\/index.php?rest_route=%2Fwp%2Fv2%2Fcategories&post=12824"},{"taxonomy":"post_tag","embeddable":true,"href":"https:\/\/www.nextmultimedio.com\/index.php?rest_route=%2Fwp%2Fv2%2Ftags&post=12824"}],"curies":[{"name":"wp","href":"https:\/\/api.w.org\/{rel}","templated":true}]}}