{"id":12790,"date":"2025-11-30T22:41:19","date_gmt":"2025-12-01T01:41:19","guid":{"rendered":"https:\/\/www.nextmultimedio.com\/?p=12790"},"modified":"2025-11-30T22:43:33","modified_gmt":"2025-12-01T01:43:33","slug":"intenso-temporal-en-villa-carlos-paz-ingreso-una-creciente-de-7-metros-en-el-rio-san-antonio","status":"publish","type":"post","link":"https:\/\/www.nextmultimedio.com\/?p=12790","title":{"rendered":"INTENSO TEMPORAL EN VILLA CARLOS PAZ: INGRES\u00d3 UNA CRECIENTE DE 7 METROS EN EL R\u00cdO SAN ANTONIO"},"content":{"rendered":"\n<figure class=\"wp-block-image size-large\"><img loading=\"lazy\" decoding=\"async\" width=\"1024\" height=\"768\" src=\"https:\/\/www.nextmultimedio.com\/wp-content\/uploads\/2025\/11\/588578333_18323966683243999_8472902096450977742_n-1-1024x768.jpg\" alt=\"\" class=\"wp-image-12791\" srcset=\"https:\/\/www.nextmultimedio.com\/wp-content\/uploads\/2025\/11\/588578333_18323966683243999_8472902096450977742_n-1-1024x768.jpg 1024w, https:\/\/www.nextmultimedio.com\/wp-content\/uploads\/2025\/11\/588578333_18323966683243999_8472902096450977742_n-1-300x225.jpg 300w, https:\/\/www.nextmultimedio.com\/wp-content\/uploads\/2025\/11\/588578333_18323966683243999_8472902096450977742_n-1-768x576.jpg 768w, https:\/\/www.nextmultimedio.com\/wp-content\/uploads\/2025\/11\/588578333_18323966683243999_8472902096450977742_n-1.jpg 1440w\" sizes=\"auto, (max-width: 1024px) 100vw, 1024px\" \/><\/figure>\n\n\n\n<p>Durante las \u00faltimas horas en Villa Carlos Paz se registraron importantes precipitaciones provocando el ingreso de una crecida del R\u00edo San Antonio en la madrugada de este domingo,<\/p>\n\n\n\n<p>Alrededor de las 2 am ingres\u00f3 un pico de creciente de 7 metros a la altura de Cuesta Blanca. En ese marco, la Direcci\u00f3n de Seguridad VCP y Defensa Civil realizaron un operativo de prevenci\u00f3n en la costa del r\u00edo y en diferentes zonas de la ciudad. Recordamos que se encuentran cortados los vados ubicados en El Fantasio y en Playas de Oro.<\/p>\n\n\n\n<p>Por tal motivo, se solicit\u00f3 a vecinos y turistas circular con precauci\u00f3n en las cercan\u00edas de la costanera y respetar las indicaciones del personal de seguridad.<\/p>\n\n\n\n<p>El fuerte temporal registrado durante la madrugada tambi\u00e9n provoc\u00f3 la ca\u00edda de \u00e1rboles, ramas y da\u00f1os en distintos barrios de la ciudad. En este sentido, equipos municipales ya trabajan intensamente en la reparaci\u00f3n de calles de tierra, limpieza de desag\u00fces y alcantarillas, retiro de ramas y escombros, as\u00ed como en la puesta en condiciones de espacios p\u00fablicos y costas del r\u00edo.<\/p>\n\n\n\n<p>Se recomienda circular con m\u00e1xima precauci\u00f3n y mantenerse informados sobre el estado de la ciudad tras el temporal.<\/p>\n\n\n\n<p><a href=\"https:\/\/www.facebook.com\/photo\/?fbid=1440630564734782&amp;set=pcb.1440630578068114&amp;__cft__[0]=AZVlbEWSc6KLpMiebFwyZCOcfS9VMmGuE0_JISjcflNgmKxkkD1ZyoGbkDwyUQaSPcSuvaIiJZ_OieqWOBIk-7RDK-6MWSMF0P1uwwxGB6bOy-RYSlcRzNBoQMzIKvY__yHvb9SwwAMf7BzQ-mPx6nKZOPbqmQCb2l-kkgOGg2_HQlsy-kz6-OLlbetRxp2FYQ8&amp;__tn__=*b0H-R\"><\/a><\/p>\n\n\n\n<figure class=\"wp-block-image\"><a href=\"https:\/\/www.facebook.com\/photo\/?fbid=1440630564734782&amp;set=pcb.1440630578068114&amp;__cft__[0]=AZVlbEWSc6KLpMiebFwyZCOcfS9VMmGuE0_JISjcflNgmKxkkD1ZyoGbkDwyUQaSPcSuvaIiJZ_OieqWOBIk-7RDK-6MWSMF0P1uwwxGB6bOy-RYSlcRzNBoQMzIKvY__yHvb9SwwAMf7BzQ-mPx6nKZOPbqmQCb2l-kkgOGg2_HQlsy-kz6-OLlbetRxp2FYQ8&amp;__tn__=*b0H-R\"><img decoding=\"async\" src=\"https:\/\/scontent.fcor10-3.fna.fbcdn.net\/v\/t51.82787-15\/590411144_18323966665243999_2854626296459022937_n.webp?stp=dst-jpg_s590x590_tt6&amp;_nc_cat=1&amp;ccb=1-7&amp;_nc_sid=127cfc&amp;_nc_eui2=AeFIvkEhtGUWUB7FndtB0mn7epGtVdFEEVB6ka1V0UQRUFcMUZlf7M8OFURT8VoMn8M&amp;_nc_ohc=uwvLbybEycMQ7kNvwGngTv5&amp;_nc_oc=AdnQqVDueX2ADrWkayD_9ZQwHAzHosymVOz_JOjRIBEXxiKr4IMDlVB0HGcvN92lqmo&amp;_nc_zt=23&amp;_nc_ht=scontent.fcor10-3.fna&amp;_nc_gid=tSJpOGQaxgLfzagIJ1ruzA&amp;oh=00_Afi6vlMvlzgSPAuy3zelyh7ErlYzDaPNrUeR5OsjY6m1ug&amp;oe=6932B6EF\" alt=\"\"\/><\/a><\/figure>\n\n\n\n<p><a href=\"https:\/\/www.facebook.com\/photo\/?fbid=1440630561401449&amp;set=pcb.1440630578068114&amp;__cft__[0]=AZVlbEWSc6KLpMiebFwyZCOcfS9VMmGuE0_JISjcflNgmKxkkD1ZyoGbkDwyUQaSPcSuvaIiJZ_OieqWOBIk-7RDK-6MWSMF0P1uwwxGB6bOy-RYSlcRzNBoQMzIKvY__yHvb9SwwAMf7BzQ-mPx6nKZOPbqmQCb2l-kkgOGg2_HQlsy-kz6-OLlbetRxp2FYQ8&amp;__tn__=*b1H-R\"><\/a><\/p>\n\n\n\n<figure class=\"wp-block-image\"><a href=\"https:\/\/www.facebook.com\/photo\/?fbid=1440630561401449&amp;set=pcb.1440630578068114&amp;__cft__[0]=AZVlbEWSc6KLpMiebFwyZCOcfS9VMmGuE0_JISjcflNgmKxkkD1ZyoGbkDwyUQaSPcSuvaIiJZ_OieqWOBIk-7RDK-6MWSMF0P1uwwxGB6bOy-RYSlcRzNBoQMzIKvY__yHvb9SwwAMf7BzQ-mPx6nKZOPbqmQCb2l-kkgOGg2_HQlsy-kz6-OLlbetRxp2FYQ8&amp;__tn__=*b1H-R\"><img decoding=\"async\" src=\"https:\/\/scontent.fcor10-3.fna.fbcdn.net\/v\/t51.82787-15\/588621243_18323966674243999_8149113524279538661_n.webp?stp=dst-jpg_s590x590_tt6&amp;_nc_cat=1&amp;ccb=1-7&amp;_nc_sid=127cfc&amp;_nc_eui2=AeGjkRX7LqRN07E-BRs5nb99e1tCC2vHq_57W0ILa8er_sgtveNex66hyzr7IMHJhho&amp;_nc_ohc=AONSnmCzC3UQ7kNvwF9iNIu&amp;_nc_oc=AdlvftV0nn0tlpqa9PMz_9Hfvg3MaSFjzuWO_4q05GrLoFJjWpXUBgDasw7VjPs-7JY&amp;_nc_zt=23&amp;_nc_ht=scontent.fcor10-3.fna&amp;_nc_gid=tSJpOGQaxgLfzagIJ1ruzA&amp;oh=00_AfhESgCb3ik-msUjjOD8rcWJPJ1c8ZMZC1TrlhDX9AVqQw&amp;oe=6932AEA9\" alt=\"\"\/><\/a><\/figure>\n\n\n\n<p><a href=\"https:\/\/www.facebook.com\/photo\/?fbid=1440630554734783&amp;set=pcb.1440630578068114&amp;__cft__[0]=AZVlbEWSc6KLpMiebFwyZCOcfS9VMmGuE0_JISjcflNgmKxkkD1ZyoGbkDwyUQaSPcSuvaIiJZ_OieqWOBIk-7RDK-6MWSMF0P1uwwxGB6bOy-RYSlcRzNBoQMzIKvY__yHvb9SwwAMf7BzQ-mPx6nKZOPbqmQCb2l-kkgOGg2_HQlsy-kz6-OLlbetRxp2FYQ8&amp;__tn__=*b2H-R\"><\/a><\/p>\n\n\n\n<figure class=\"wp-block-image\"><a href=\"https:\/\/www.facebook.com\/photo\/?fbid=1440630554734783&amp;set=pcb.1440630578068114&amp;__cft__[0]=AZVlbEWSc6KLpMiebFwyZCOcfS9VMmGuE0_JISjcflNgmKxkkD1ZyoGbkDwyUQaSPcSuvaIiJZ_OieqWOBIk-7RDK-6MWSMF0P1uwwxGB6bOy-RYSlcRzNBoQMzIKvY__yHvb9SwwAMf7BzQ-mPx6nKZOPbqmQCb2l-kkgOGg2_HQlsy-kz6-OLlbetRxp2FYQ8&amp;__tn__=*b2H-R\"><img decoding=\"async\" src=\"https:\/\/scontent.fcor10-3.fna.fbcdn.net\/v\/t51.82787-15\/588578333_18323966683243999_8472902096450977742_n.webp?stp=dst-jpg_s590x590_tt6&amp;_nc_cat=1&amp;ccb=1-7&amp;_nc_sid=127cfc&amp;_nc_eui2=AeF-fp-OWsHBmKT8JT_6GsLjxGbAYm93kyjEZsBib3eTKPgD8svwdOI7bO1FYHivoBY&amp;_nc_ohc=VS6vL5ama9sQ7kNvwGM0J5v&amp;_nc_oc=AdkYq5es9K3LvwJQvmn8lmtptZALFTJcqyutO2puMv88KaozJA18527ByYStssJ9cFY&amp;_nc_zt=23&amp;_nc_ht=scontent.fcor10-3.fna&amp;_nc_gid=tSJpOGQaxgLfzagIJ1ruzA&amp;oh=00_AfjN9Q3GdUq_Nrkv6LpAYylxsV13TXC_Hi0mWQaEwqWH8g&amp;oe=6932B11D\" alt=\"\"\/><\/a><\/figure>\n\n\n\n<p><a href=\"https:\/\/www.facebook.com\/photo\/?fbid=1440630558068116&amp;set=pcb.1440630578068114&amp;__cft__[0]=AZVlbEWSc6KLpMiebFwyZCOcfS9VMmGuE0_JISjcflNgmKxkkD1ZyoGbkDwyUQaSPcSuvaIiJZ_OieqWOBIk-7RDK-6MWSMF0P1uwwxGB6bOy-RYSlcRzNBoQMzIKvY__yHvb9SwwAMf7BzQ-mPx6nKZOPbqmQCb2l-kkgOGg2_HQlsy-kz6-OLlbetRxp2FYQ8&amp;__tn__=*b3H-R\"><\/a><\/p>\n\n\n\n<figure class=\"wp-block-image\"><a href=\"https:\/\/www.facebook.com\/photo\/?fbid=1440630558068116&amp;set=pcb.1440630578068114&amp;__cft__[0]=AZVlbEWSc6KLpMiebFwyZCOcfS9VMmGuE0_JISjcflNgmKxkkD1ZyoGbkDwyUQaSPcSuvaIiJZ_OieqWOBIk-7RDK-6MWSMF0P1uwwxGB6bOy-RYSlcRzNBoQMzIKvY__yHvb9SwwAMf7BzQ-mPx6nKZOPbqmQCb2l-kkgOGg2_HQlsy-kz6-OLlbetRxp2FYQ8&amp;__tn__=*b3H-R\"><img decoding=\"async\" src=\"https:\/\/scontent.fcor10-3.fna.fbcdn.net\/v\/t51.82787-15\/587704931_18323966692243999_7652168735544393221_n.webp?stp=dst-jpg_s590x590_tt6&amp;_nc_cat=1&amp;ccb=1-7&amp;_nc_sid=127cfc&amp;_nc_eui2=AeG1oiGyy1bxxROjFTGRpRf5C8cjipZN53gLxyOKlk3neB3DgnjwRnynnISUzopNlp8&amp;_nc_ohc=Sl8bhVpvLLcQ7kNvwFOMN6u&amp;_nc_oc=AdmckUh7B8uNpPslZnnOEUTDs-p7NrrH272PrPk79Ut5LhW7PxXFMTuZW-EoVbZd6Y8&amp;_nc_zt=23&amp;_nc_ht=scontent.fcor10-3.fna&amp;_nc_gid=tSJpOGQaxgLfzagIJ1ruzA&amp;oh=00_AfiY6arrsMaxbSwo14xKx9559KhgdeYuV8usDatMU0rObw&amp;oe=6932ACF4\" alt=\"\"\/><\/a><\/figure>\n","protected":false},"excerpt":{"rendered":"<p>Durante las \u00faltimas horas en Villa Carlos Paz se registraron importantes precipitaciones provocando el ingreso de una crecida del R\u00edo San Antonio en la madrugada de este domingo, Alrededor de las 2 am ingres\u00f3 un pico de creciente de 7 metros a la altura de Cuesta Blanca. En ese marco, la Direcci\u00f3n de Seguridad VCP [&hellip;]<\/p>\n","protected":false},"author":1,"featured_media":12791,"comment_status":"closed","ping_status":"closed","sticky":false,"template":"","format":"standard","meta":{"footnotes":""},"categories":[69],"tags":[345],"class_list":["post-12790","post","type-post","status-publish","format-standard","has-post-thumbnail","hentry","category-noticias","tag-destacar"],"_links":{"self":[{"href":"https:\/\/www.nextmultimedio.com\/index.php?rest_route=\/wp\/v2\/posts\/12790","targetHints":{"allow":["GET"]}}],"collection":[{"href":"https:\/\/www.nextmultimedio.com\/index.php?rest_route=\/wp\/v2\/posts"}],"about":[{"href":"https:\/\/www.nextmultimedio.com\/index.php?rest_route=\/wp\/v2\/types\/post"}],"author":[{"embeddable":true,"href":"https:\/\/www.nextmultimedio.com\/index.php?rest_route=\/wp\/v2\/users\/1"}],"replies":[{"embeddable":true,"href":"https:\/\/www.nextmultimedio.com\/index.php?rest_route=%2Fwp%2Fv2%2Fcomments&post=12790"}],"version-history":[{"count":1,"href":"https:\/\/www.nextmultimedio.com\/index.php?rest_route=\/wp\/v2\/posts\/12790\/revisions"}],"predecessor-version":[{"id":12792,"href":"https:\/\/www.nextmultimedio.com\/index.php?rest_route=\/wp\/v2\/posts\/12790\/revisions\/12792"}],"wp:featuredmedia":[{"embeddable":true,"href":"https:\/\/www.nextmultimedio.com\/index.php?rest_route=\/wp\/v2\/media\/12791"}],"wp:attachment":[{"href":"https:\/\/www.nextmultimedio.com\/index.php?rest_route=%2Fwp%2Fv2%2Fmedia&parent=12790"}],"wp:term":[{"taxonomy":"category","embeddable":true,"href":"https:\/\/www.nextmultimedio.com\/index.php?rest_route=%2Fwp%2Fv2%2Fcategories&post=12790"},{"taxonomy":"post_tag","embeddable":true,"href":"https:\/\/www.nextmultimedio.com\/index.php?rest_route=%2Fwp%2Fv2%2Ftags&post=12790"}],"curies":[{"name":"wp","href":"https:\/\/api.w.org\/{rel}","templated":true}]}}