{"id":12787,"date":"2025-11-30T22:37:35","date_gmt":"2025-12-01T01:37:35","guid":{"rendered":"https:\/\/www.nextmultimedio.com\/?p=12787"},"modified":"2025-11-30T22:37:36","modified_gmt":"2025-12-01T01:37:36","slug":"accidente-de-transito-en-avenida-carcano-y-gambartesdos-heridos-y-un-conductor-alcoholizado","status":"publish","type":"post","link":"https:\/\/www.nextmultimedio.com\/?p=12787","title":{"rendered":"ACCIDENTE DE TR\u00c1NSITO EN AVENIDA C\u00c1RCANO Y GAMBARTES:DOS HERIDOS Y UN CONDUCTOR ALCOHOLIZADO"},"content":{"rendered":"\n<figure class=\"wp-block-image size-large\"><img loading=\"lazy\" decoding=\"async\" width=\"1024\" height=\"768\" src=\"https:\/\/www.nextmultimedio.com\/wp-content\/uploads\/2025\/11\/590416625_18323977807243999_923606448771052297_n-1024x768.jpg\" alt=\"\" class=\"wp-image-12788\" srcset=\"https:\/\/www.nextmultimedio.com\/wp-content\/uploads\/2025\/11\/590416625_18323977807243999_923606448771052297_n-1024x768.jpg 1024w, https:\/\/www.nextmultimedio.com\/wp-content\/uploads\/2025\/11\/590416625_18323977807243999_923606448771052297_n-300x225.jpg 300w, https:\/\/www.nextmultimedio.com\/wp-content\/uploads\/2025\/11\/590416625_18323977807243999_923606448771052297_n-768x576.jpg 768w, https:\/\/www.nextmultimedio.com\/wp-content\/uploads\/2025\/11\/590416625_18323977807243999_923606448771052297_n.jpg 1440w\" sizes=\"auto, (max-width: 1024px) 100vw, 1024px\" \/><\/figure>\n\n\n\n<p>Un accidente de tr\u00e1nsito ocurri\u00f3 en la intersecci\u00f3n de Av. Carcano y Gambartes, en el barrio Sol y R\u00edo de Villa Carlos Paz, alrededor de las 21:25 horas del 29 de noviembre de 2025. Dos hombres de 59 a\u00f1os, que se desplazaban en una motocicleta Bajaj Rouser, resultaron heridos y fueron trasladados al hospital municipal.<\/p>\n\n\n\n<p>Seg\u00fan testigos, la motocicleta se encontraba debajo del paragolpes delantero de un autom\u00f3vil Chrysler Cruiser. Los ocupantes de la motocicleta no recordaban el siniestro y presentaban politraumatismos en miembros inferiores y superiores, adem\u00e1s de p\u00e9rdida de conocimiento. El conductor del autom\u00f3vil, de 61 a\u00f1os, presentaba halitosis alcoh\u00f3lica y se le realiz\u00f3 un control de alcoholemia, que arroj\u00f3 un resultado de 1,67 ml\/s.<\/p>\n\n\n\n<p>*Secuestro de Veh\u00edculos y Extracciones Sangu\u00edneas*<\/p>\n\n\n\n<p>&#8211; La motocicleta y el autom\u00f3vil fueron secuestrados y trasladados al corral\u00f3n policial.<\/p>\n\n\n\n<p>&#8211; Se realizaron extracciones sangu\u00edneas a los ocupantes de la motocicleta y al conductor del autom\u00f3vil.<\/p>\n\n\n\n<p>*Personal Interviniente:*<\/p>\n\n\n\n<p>&#8211; Polic\u00eda de Villa Carlos Paz<\/p>\n\n\n\n<p>&#8211; Servicio de Emergencias<\/p>\n\n\n\n<p>&#8211; Seguridad Urbana<\/p>\n\n\n\n<p>&#8211; Inspector de Tr\u00e1nsito<\/p>\n\n\n\n<p><a href=\"https:\/\/www.facebook.com\/photo\/?fbid=1440706138060558&amp;set=a.356501556481027&amp;__cft__[0]=AZU3VcP_T8e4fJUhsvVkKhAi1aMBsPcMVTssiksr-Lf8X5XWgFMeJrpFWV3Bg42uH12BD7HTQA6CWh4wK384GFppJwI6PS9IXcj9oIGz23P7FBcgG4kirKkhHhhpKnp-aUOaE7NOeYvYkf8qrwhQcAnu&amp;__tn__=EH-R\"><\/a><\/p>\n","protected":false},"excerpt":{"rendered":"<p>Un accidente de tr\u00e1nsito ocurri\u00f3 en la intersecci\u00f3n de Av. Carcano y Gambartes, en el barrio Sol y R\u00edo de Villa Carlos Paz, alrededor de las 21:25 horas del 29 de noviembre de 2025. Dos hombres de 59 a\u00f1os, que se desplazaban en una motocicleta Bajaj Rouser, resultaron heridos y fueron trasladados al hospital municipal. [&hellip;]<\/p>\n","protected":false},"author":1,"featured_media":12788,"comment_status":"closed","ping_status":"closed","sticky":false,"template":"","format":"standard","meta":{"footnotes":""},"categories":[69],"tags":[345],"class_list":["post-12787","post","type-post","status-publish","format-standard","has-post-thumbnail","hentry","category-noticias","tag-destacar"],"_links":{"self":[{"href":"https:\/\/www.nextmultimedio.com\/index.php?rest_route=\/wp\/v2\/posts\/12787","targetHints":{"allow":["GET"]}}],"collection":[{"href":"https:\/\/www.nextmultimedio.com\/index.php?rest_route=\/wp\/v2\/posts"}],"about":[{"href":"https:\/\/www.nextmultimedio.com\/index.php?rest_route=\/wp\/v2\/types\/post"}],"author":[{"embeddable":true,"href":"https:\/\/www.nextmultimedio.com\/index.php?rest_route=\/wp\/v2\/users\/1"}],"replies":[{"embeddable":true,"href":"https:\/\/www.nextmultimedio.com\/index.php?rest_route=%2Fwp%2Fv2%2Fcomments&post=12787"}],"version-history":[{"count":1,"href":"https:\/\/www.nextmultimedio.com\/index.php?rest_route=\/wp\/v2\/posts\/12787\/revisions"}],"predecessor-version":[{"id":12789,"href":"https:\/\/www.nextmultimedio.com\/index.php?rest_route=\/wp\/v2\/posts\/12787\/revisions\/12789"}],"wp:featuredmedia":[{"embeddable":true,"href":"https:\/\/www.nextmultimedio.com\/index.php?rest_route=\/wp\/v2\/media\/12788"}],"wp:attachment":[{"href":"https:\/\/www.nextmultimedio.com\/index.php?rest_route=%2Fwp%2Fv2%2Fmedia&parent=12787"}],"wp:term":[{"taxonomy":"category","embeddable":true,"href":"https:\/\/www.nextmultimedio.com\/index.php?rest_route=%2Fwp%2Fv2%2Fcategories&post=12787"},{"taxonomy":"post_tag","embeddable":true,"href":"https:\/\/www.nextmultimedio.com\/index.php?rest_route=%2Fwp%2Fv2%2Ftags&post=12787"}],"curies":[{"name":"wp","href":"https:\/\/api.w.org\/{rel}","templated":true}]}}