{"id":12774,"date":"2025-11-27T17:51:12","date_gmt":"2025-11-27T20:51:12","guid":{"rendered":"https:\/\/www.nextmultimedio.com\/?p=12774"},"modified":"2025-11-27T17:51:13","modified_gmt":"2025-11-27T20:51:13","slug":"se-realizo-la-ultima-capacitacion-del-ano-sobre-seguridad-en-el-puente-uruguay","status":"publish","type":"post","link":"https:\/\/www.nextmultimedio.com\/?p=12774","title":{"rendered":"SE REALIZ\u00d3 LA \u00daLTIMA CAPACITACI\u00d3N DEL A\u00d1O SOBRE SEGURIDAD EN EL PUENTE URUGUAY"},"content":{"rendered":"\n<figure class=\"wp-block-image size-full\"><img loading=\"lazy\" decoding=\"async\" width=\"526\" height=\"526\" src=\"https:\/\/www.nextmultimedio.com\/wp-content\/uploads\/2025\/11\/588559552_18323665351243999_7864215075201569593_n.jpg\" alt=\"\" class=\"wp-image-12775\" srcset=\"https:\/\/www.nextmultimedio.com\/wp-content\/uploads\/2025\/11\/588559552_18323665351243999_7864215075201569593_n.jpg 526w, https:\/\/www.nextmultimedio.com\/wp-content\/uploads\/2025\/11\/588559552_18323665351243999_7864215075201569593_n-300x300.jpg 300w\" sizes=\"auto, (max-width: 526px) 100vw, 526px\" \/><\/figure>\n\n\n\n<p>En el d\u00eda de ayer, se llev\u00f3 a cabo una capacitaci\u00f3n destinada a todo el equipo que trabaja en la Galer\u00eda del Puente Uruguay, incluyendo seguridad privada, personal de limpieza, secretar\u00eda de la C\u00e1mara de Turismo, trabajadores del bar y feriantes. La misma estuvo a cargo del Ingeniero en Seguridad e Higiene: Guillermo Fern\u00e1ndez.<\/p>\n\n\n\n<p>La jornada se centr\u00f3 en fortalecer los criterios de prevenci\u00f3n y las acciones de respuesta ante posibles emergencias dentro del espacio.<\/p>\n\n\n\n<p>Enfoque en la Evacuaci\u00f3n<\/p>\n\n\n\n<p>Durante la capacitaci\u00f3n, se hizo especial \u00e9nfasis en la evacuaci\u00f3n, considerada un aspecto fundamental para garantizar la seguridad de todos los involucrados. Se trabaj\u00f3 en la identificaci\u00f3n de puntos de encuentro y se designaron l\u00edderes para coordinar las acciones en caso de emergencia.<\/p>\n\n\n\n<p>Objetivos de la Capacitaci\u00f3n<\/p>\n\n\n\n<p>La capacitaci\u00f3n tuvo como objetivo mejorar la preparaci\u00f3n del personal de cara a la temporada estival, prevenir incidentes y garantizar que todos los trabajadores conozcan los procedimientos de actuaci\u00f3n ante cualquier situaci\u00f3n cr\u00edtica. Esta capacitaci\u00f3n es la \u00faltima que se realizar\u00e1 antes del inicio de la temporada, por lo que se considera un paso fundamental para asegurar la seguridad de todos los involucrados.<\/p>\n\n\n\n<p>Temas abordados<\/p>\n\n\n\n<p>Durante la capacitaci\u00f3n se trataron:<\/p>\n\n\n\n<p>\u2022 Teor\u00eda b\u00e1sica del fuego: principios de combusti\u00f3n y manejo de incendios.<\/p>\n\n\n\n<p>\u2022 Normas de evacuaci\u00f3n: procedimientos para evacuar de forma segura.<\/p>\n\n\n\n<p>\u2022 Puntos de encuentro: lugares seguros para reunirse tras una evacuaci\u00f3n.<\/p>\n\n\n\n<p>\u2022 Designaci\u00f3n de l\u00edderes: asignaci\u00f3n de responsables para coordinar acciones.<\/p>\n\n\n\n<p>\u2022 Protocolos de prevenci\u00f3n y respuesta: medidas para prevenir y actuar ante incendios.<\/p>\n\n\n\n<p>\u2022 Uso y manejo de extintores: capacitaci\u00f3n en su correcta utilizaci\u00f3n.<\/p>\n\n\n\n<p>\u2022 Recorrida por salidas de emergencia: identificaci\u00f3n de rutas y salidas.<\/p>\n\n\n\n<p>Importancia de la Capacitaci\u00f3n<\/p>\n\n\n\n<p>Se enfatiz\u00f3 la importancia de estar preparados para responder ante cualquier situaci\u00f3n de emergencia.<\/p>\n\n\n\n<p>Informaci\u00f3n e imagen @camaradeturismocarlospaz<\/p>\n\n\n\n<p><a href=\"https:\/\/www.facebook.com\/photo\/?fbid=1438183048312867&amp;set=a.356501556481027&amp;__cft__[0]=AZXOspnzs4UTm-bPl45oo2DO9JiyChArHbzZlZatB_7WYHOOYGk0g-FdTpxCCs97MOrc9Qhg9XFb1IfQZVas87SndSojuVdthaPF_ZQ1h84AlSCGZVov98dfJoVp1qkLjRG37Mp3f_vxV3cJxNjtSuTH4KpvGOa5z07EnnLaPqjvZ3tOsUf7WluX7AhjxWAhDZY&amp;__tn__=EH-R\"><\/a><\/p>\n","protected":false},"excerpt":{"rendered":"<p>En el d\u00eda de ayer, se llev\u00f3 a cabo una capacitaci\u00f3n destinada a todo el equipo que trabaja en la Galer\u00eda del Puente Uruguay, incluyendo seguridad privada, personal de limpieza, secretar\u00eda de la C\u00e1mara de Turismo, trabajadores del bar y feriantes. La misma estuvo a cargo del Ingeniero en Seguridad e Higiene: Guillermo Fern\u00e1ndez. La [&hellip;]<\/p>\n","protected":false},"author":1,"featured_media":12775,"comment_status":"closed","ping_status":"closed","sticky":false,"template":"","format":"standard","meta":{"footnotes":""},"categories":[69],"tags":[345],"class_list":["post-12774","post","type-post","status-publish","format-standard","has-post-thumbnail","hentry","category-noticias","tag-destacar"],"_links":{"self":[{"href":"https:\/\/www.nextmultimedio.com\/index.php?rest_route=\/wp\/v2\/posts\/12774","targetHints":{"allow":["GET"]}}],"collection":[{"href":"https:\/\/www.nextmultimedio.com\/index.php?rest_route=\/wp\/v2\/posts"}],"about":[{"href":"https:\/\/www.nextmultimedio.com\/index.php?rest_route=\/wp\/v2\/types\/post"}],"author":[{"embeddable":true,"href":"https:\/\/www.nextmultimedio.com\/index.php?rest_route=\/wp\/v2\/users\/1"}],"replies":[{"embeddable":true,"href":"https:\/\/www.nextmultimedio.com\/index.php?rest_route=%2Fwp%2Fv2%2Fcomments&post=12774"}],"version-history":[{"count":1,"href":"https:\/\/www.nextmultimedio.com\/index.php?rest_route=\/wp\/v2\/posts\/12774\/revisions"}],"predecessor-version":[{"id":12776,"href":"https:\/\/www.nextmultimedio.com\/index.php?rest_route=\/wp\/v2\/posts\/12774\/revisions\/12776"}],"wp:featuredmedia":[{"embeddable":true,"href":"https:\/\/www.nextmultimedio.com\/index.php?rest_route=\/wp\/v2\/media\/12775"}],"wp:attachment":[{"href":"https:\/\/www.nextmultimedio.com\/index.php?rest_route=%2Fwp%2Fv2%2Fmedia&parent=12774"}],"wp:term":[{"taxonomy":"category","embeddable":true,"href":"https:\/\/www.nextmultimedio.com\/index.php?rest_route=%2Fwp%2Fv2%2Fcategories&post=12774"},{"taxonomy":"post_tag","embeddable":true,"href":"https:\/\/www.nextmultimedio.com\/index.php?rest_route=%2Fwp%2Fv2%2Ftags&post=12774"}],"curies":[{"name":"wp","href":"https:\/\/api.w.org\/{rel}","templated":true}]}}