{"id":12729,"date":"2025-11-20T20:20:30","date_gmt":"2025-11-20T23:20:30","guid":{"rendered":"https:\/\/www.nextmultimedio.com\/?p=12729"},"modified":"2025-11-20T20:20:31","modified_gmt":"2025-11-20T23:20:31","slug":"ciclo-lectivo-2026-en-cordoba-las-clases-comenzaran-el-2-de-marzo-y-se-garantizan-los-190-dias-efectivos","status":"publish","type":"post","link":"https:\/\/www.nextmultimedio.com\/?p=12729","title":{"rendered":"CICLO LECTIVO 2026: EN C\u00d3RDOBA LAS CLASES COMENZAR\u00c1N EL 2 DE MARZO Y SE GARANTIZAN LOS 190 D\u00cdAS EFECTIVOS"},"content":{"rendered":"\n<figure class=\"wp-block-image size-full\"><img loading=\"lazy\" decoding=\"async\" width=\"1024\" height=\"682\" src=\"https:\/\/www.nextmultimedio.com\/wp-content\/uploads\/2025\/11\/DSC8295-1024x682-1.jpg\" alt=\"\" class=\"wp-image-12730\" srcset=\"https:\/\/www.nextmultimedio.com\/wp-content\/uploads\/2025\/11\/DSC8295-1024x682-1.jpg 1024w, https:\/\/www.nextmultimedio.com\/wp-content\/uploads\/2025\/11\/DSC8295-1024x682-1-300x200.jpg 300w, https:\/\/www.nextmultimedio.com\/wp-content\/uploads\/2025\/11\/DSC8295-1024x682-1-768x512.jpg 768w\" sizes=\"auto, (max-width: 1024px) 100vw, 1024px\" \/><\/figure>\n\n\n\n<p>El Ministerio de Educaci\u00f3n de la Provincia de C\u00f3rdoba oficializ\u00f3 el Calendario Escolar 2026, que establece 190 d\u00edas de clases y determina el inicio, la finalizaci\u00f3n del ciclo lectivo y el esquema de actividades acad\u00e9micas para todos los niveles y modalidades educativas del r\u00e9gimen com\u00fan.<\/p>\n\n\n\n<p><strong>Inicio y finalizaci\u00f3n de clases<\/strong><\/p>\n\n\n\n<pre class=\"wp-block-code\"><code>\u2022   Inicio de clases: lunes 2 de marzo de 2026 para los niveles Inicial, Primario, Secundario y modalidades de la Educaci\u00f3n General Obligatoria.\n\n\u2022   Finalizaci\u00f3n del ciclo lectivo: viernes 18 de diciembre de 2026.\n\n\u2022   Ex\u00e1menes y coloquios: del 21 al 29 de diciembre de 2026.<\/code><\/pre>\n\n\n\n<p><strong>Receso invernal<\/strong><\/p>\n\n\n\n<p>El calendario establece el receso escolar de invierno del 6 al 17 de julio de 2026, manteniendo el esquema habitual de dos semanas de descanso a mitad de a\u00f1o.<\/p>\n\n\n\n<p>Las autoridades educativas provinciales y las supervisiones ser\u00e1n las responsables de verificar el cumplimiento efectivo de los d\u00edas y horas de clase en cada instituci\u00f3n.<\/p>\n\n\n\n<p><strong>Actividades previas al inicio del ciclo lectivo<\/strong><\/p>\n\n\n\n<p>El cronograma prev\u00e9 instancias de organizaci\u00f3n institucional y acompa\u00f1amiento a estudiantes:<\/p>\n\n\n\n<p>\u2022 Reintegro de los equipos directivos y docentes: 18 de febrero.<\/p>\n\n\n\n<p>\u2022 Formaci\u00f3n situada y organizaci\u00f3n pedag\u00f3gico-institucional: 19 y 20 de febrero.<\/p>\n\n\n\n<p>\u2022 Ex\u00e1menes previos y libres: del 23 al 25 de febrero.<\/p>\n\n\n\n<p>\u2022 Per\u00edodo de ambientaci\u00f3n para estudiantes que ingresan por primera vez: 26 y 27 de febrero.<\/p>\n\n\n\n<p>Las Instituciones Educativas, en el marco de sus respectivos Planes Educativos Institucionales (PEI) y con la finalidad de recibir a los nuevos estudiantes, podr\u00e1n iniciar el proceso de ambientaci\u00f3n en simult\u00e1neo con el inicio de clase los d\u00edas 2 y 3 de marzo en acuerdo con la Supervisi\u00f3n correspondiente.Navegaci\u00f3n de entradas<\/p>\n","protected":false},"excerpt":{"rendered":"<p>El Ministerio de Educaci\u00f3n de la Provincia de C\u00f3rdoba oficializ\u00f3 el Calendario Escolar 2026, que establece 190 d\u00edas de clases y determina el inicio, la finalizaci\u00f3n del ciclo lectivo y el esquema de actividades acad\u00e9micas para todos los niveles y modalidades educativas del r\u00e9gimen com\u00fan. Inicio y finalizaci\u00f3n de clases Receso invernal El calendario establece [&hellip;]<\/p>\n","protected":false},"author":1,"featured_media":12730,"comment_status":"closed","ping_status":"closed","sticky":false,"template":"","format":"standard","meta":{"footnotes":""},"categories":[69],"tags":[345],"class_list":["post-12729","post","type-post","status-publish","format-standard","has-post-thumbnail","hentry","category-noticias","tag-destacar"],"_links":{"self":[{"href":"https:\/\/www.nextmultimedio.com\/index.php?rest_route=\/wp\/v2\/posts\/12729","targetHints":{"allow":["GET"]}}],"collection":[{"href":"https:\/\/www.nextmultimedio.com\/index.php?rest_route=\/wp\/v2\/posts"}],"about":[{"href":"https:\/\/www.nextmultimedio.com\/index.php?rest_route=\/wp\/v2\/types\/post"}],"author":[{"embeddable":true,"href":"https:\/\/www.nextmultimedio.com\/index.php?rest_route=\/wp\/v2\/users\/1"}],"replies":[{"embeddable":true,"href":"https:\/\/www.nextmultimedio.com\/index.php?rest_route=%2Fwp%2Fv2%2Fcomments&post=12729"}],"version-history":[{"count":1,"href":"https:\/\/www.nextmultimedio.com\/index.php?rest_route=\/wp\/v2\/posts\/12729\/revisions"}],"predecessor-version":[{"id":12731,"href":"https:\/\/www.nextmultimedio.com\/index.php?rest_route=\/wp\/v2\/posts\/12729\/revisions\/12731"}],"wp:featuredmedia":[{"embeddable":true,"href":"https:\/\/www.nextmultimedio.com\/index.php?rest_route=\/wp\/v2\/media\/12730"}],"wp:attachment":[{"href":"https:\/\/www.nextmultimedio.com\/index.php?rest_route=%2Fwp%2Fv2%2Fmedia&parent=12729"}],"wp:term":[{"taxonomy":"category","embeddable":true,"href":"https:\/\/www.nextmultimedio.com\/index.php?rest_route=%2Fwp%2Fv2%2Fcategories&post=12729"},{"taxonomy":"post_tag","embeddable":true,"href":"https:\/\/www.nextmultimedio.com\/index.php?rest_route=%2Fwp%2Fv2%2Ftags&post=12729"}],"curies":[{"name":"wp","href":"https:\/\/api.w.org\/{rel}","templated":true}]}}