{"id":12726,"date":"2025-11-20T20:15:45","date_gmt":"2025-11-20T23:15:45","guid":{"rendered":"https:\/\/www.nextmultimedio.com\/?p=12726"},"modified":"2025-11-20T20:15:46","modified_gmt":"2025-11-20T23:15:46","slug":"cordoba-se-prepara-para-un-finde-largo-con-excelentes-expectativas-turisticas","status":"publish","type":"post","link":"https:\/\/www.nextmultimedio.com\/?p=12726","title":{"rendered":"C\u00d3RDOBA SE PREPARA PARA UN \u201cFINDE LARGO\u201d CON EXCELENTES EXPECTATIVAS TUR\u00cdSTICAS"},"content":{"rendered":"\n<figure class=\"wp-block-image size-full\"><img loading=\"lazy\" decoding=\"async\" width=\"990\" height=\"660\" src=\"https:\/\/www.nextmultimedio.com\/wp-content\/uploads\/2025\/11\/I4A0092-baja-1.jpg\" alt=\"\" class=\"wp-image-12727\" srcset=\"https:\/\/www.nextmultimedio.com\/wp-content\/uploads\/2025\/11\/I4A0092-baja-1.jpg 990w, https:\/\/www.nextmultimedio.com\/wp-content\/uploads\/2025\/11\/I4A0092-baja-1-300x200.jpg 300w, https:\/\/www.nextmultimedio.com\/wp-content\/uploads\/2025\/11\/I4A0092-baja-1-768x512.jpg 768w\" sizes=\"auto, (max-width: 990px) 100vw, 990px\" \/><\/figure>\n\n\n\n<p>La Agencia C\u00f3rdoba Turismo anticipa un fin de semana largo altamente positivo para la actividad. con niveles de reservas que muestran un movimiento temprano y sostenido en las principales regiones.<\/p>\n\n\n\n<p>Este panorama posiciona nuevamente a la provincia entre los destinos m\u00e1s elegidos del pa\u00eds.<\/p>\n\n\n\n<p>Seg\u00fan la informaci\u00f3n recabada por la ACT, en el Valle de Calamuchita, destinos como Villa General Belgrano, La Cumbrecita y Santa Rosa de Calamuchita se ubican por encima del 75%, consolidando su atractivo en esta \u00e9poca del a\u00f1o.<\/p>\n\n\n\n<p>El Valle de Punilla tambi\u00e9n presenta una proyecci\u00f3n muy favorable. Villa Carlos Paz tiene un 78% de reservas, mientras que La Cumbre, Villa Giardino y La Falda superan el 75%, reflejando la preferencia de los visitantes por propuestas que combinan naturaleza, gastronom\u00eda y actividades culturales.<\/p>\n\n\n\n<p>Paravachasca acompa\u00f1a este escenario con Alta Gracia, que alcanza un 75% de ocupaci\u00f3n anticipada.<\/p>\n\n\n\n<p>En Traslasierra, Las Rabonas se destaca con ocupaci\u00f3n plena, mientras que el corredor de Mar de Ansenuza vuelve a posicionarse entre los m\u00e1s elegidos, con Miramar y Balnearia alcanzando el 90%.<\/p>\n\n\n\n<p>San Javier y Yacanto y De\u00e1n Funes, superan el 55%, mientras que C\u00f3rdoba Capital registra un 70% de reservas.<\/p>\n\n\n\n<p>En este contexto, el presidente de la Agencia C\u00f3rdoba Turismo, Dar\u00edo Capitani, subray\u00f3 el buen desempe\u00f1o del sector y la proyecci\u00f3n para los pr\u00f3ximos meses.<\/p>\n\n\n\n<p><em>\u201cC\u00f3rdoba vuelve a posicionarse entre los destinos m\u00e1s elegidos del pa\u00eds. Estos niveles de reservas reflejan la fortaleza de nuestra oferta tur\u00edstica y la confianza de los visitantes en la provincia\u201d,<\/em>&nbsp;destac\u00f3.<\/p>\n\n\n\n<p>Las expectativas permiten anticipar un fin de semana con fuerte actividad econ\u00f3mica para las localidades tur\u00edsticas y un impacto positivo en los prestadores de servicios de toda la provincia.<\/p>\n\n\n\n<figure class=\"wp-block-image\"><img decoding=\"async\" src=\"https:\/\/prensa.cba.gov.ar\/wp-content\/uploads\/2025\/11\/081-Valle-de-Los-Lisos-con-gente-caminando-1.jpg\" alt=\"\" class=\"wp-image-632242\"\/><\/figure>\n\n\n\n<p><strong>Actividades para todos los gustos<\/strong><\/p>\n\n\n\n<p>La provincia contar\u00e1 con una amplia agenda de actividades que se desarrollar\u00e1n en cada uno de sus valles y regiones.<\/p>\n\n\n\n<p>Habr\u00e1 festivales, celebraciones comunitarias, encuentros deportivos, ferias gastron\u00f3micas, propuestas al aire libre y circuitos culturales que potenciar\u00e1n la llegada de visitantes y el movimiento interno.<\/p>\n\n\n\n<p>Este abanico de experiencias constituye uno de los principales atractivos para quienes buscan combinar descanso, naturaleza y entretenimiento durante el fin de semana largo.<\/p>\n\n\n\n<p>Para conocer el calendario de actividades para este fin de semana, ingres\u00e1 al link&nbsp;<a href=\"https:\/\/cordobaturismo.gov.ar\/cronograma-de-eventos\/\">https:\/\/cordobaturismo.gov.ar\/cronograma-de-eventos\/<\/a><\/p>\n","protected":false},"excerpt":{"rendered":"<p>La Agencia C\u00f3rdoba Turismo anticipa un fin de semana largo altamente positivo para la actividad. con niveles de reservas que muestran un movimiento temprano y sostenido en las principales regiones. Este panorama posiciona nuevamente a la provincia entre los destinos m\u00e1s elegidos del pa\u00eds. Seg\u00fan la informaci\u00f3n recabada por la ACT, en el Valle de [&hellip;]<\/p>\n","protected":false},"author":1,"featured_media":12727,"comment_status":"closed","ping_status":"closed","sticky":false,"template":"","format":"standard","meta":{"footnotes":""},"categories":[69],"tags":[345],"class_list":["post-12726","post","type-post","status-publish","format-standard","has-post-thumbnail","hentry","category-noticias","tag-destacar"],"_links":{"self":[{"href":"https:\/\/www.nextmultimedio.com\/index.php?rest_route=\/wp\/v2\/posts\/12726","targetHints":{"allow":["GET"]}}],"collection":[{"href":"https:\/\/www.nextmultimedio.com\/index.php?rest_route=\/wp\/v2\/posts"}],"about":[{"href":"https:\/\/www.nextmultimedio.com\/index.php?rest_route=\/wp\/v2\/types\/post"}],"author":[{"embeddable":true,"href":"https:\/\/www.nextmultimedio.com\/index.php?rest_route=\/wp\/v2\/users\/1"}],"replies":[{"embeddable":true,"href":"https:\/\/www.nextmultimedio.com\/index.php?rest_route=%2Fwp%2Fv2%2Fcomments&post=12726"}],"version-history":[{"count":1,"href":"https:\/\/www.nextmultimedio.com\/index.php?rest_route=\/wp\/v2\/posts\/12726\/revisions"}],"predecessor-version":[{"id":12728,"href":"https:\/\/www.nextmultimedio.com\/index.php?rest_route=\/wp\/v2\/posts\/12726\/revisions\/12728"}],"wp:featuredmedia":[{"embeddable":true,"href":"https:\/\/www.nextmultimedio.com\/index.php?rest_route=\/wp\/v2\/media\/12727"}],"wp:attachment":[{"href":"https:\/\/www.nextmultimedio.com\/index.php?rest_route=%2Fwp%2Fv2%2Fmedia&parent=12726"}],"wp:term":[{"taxonomy":"category","embeddable":true,"href":"https:\/\/www.nextmultimedio.com\/index.php?rest_route=%2Fwp%2Fv2%2Fcategories&post=12726"},{"taxonomy":"post_tag","embeddable":true,"href":"https:\/\/www.nextmultimedio.com\/index.php?rest_route=%2Fwp%2Fv2%2Ftags&post=12726"}],"curies":[{"name":"wp","href":"https:\/\/api.w.org\/{rel}","templated":true}]}}