{"id":12709,"date":"2025-11-19T18:47:27","date_gmt":"2025-11-19T21:47:27","guid":{"rendered":"https:\/\/www.nextmultimedio.com\/?p=12709"},"modified":"2025-11-19T18:47:28","modified_gmt":"2025-11-19T21:47:28","slug":"llaryora-recorrio-la-obra-de-agua-potable-que-beneficiara-a-70-mil-vecinos","status":"publish","type":"post","link":"https:\/\/www.nextmultimedio.com\/?p=12709","title":{"rendered":"LLARYORA RECORRI\u00d3 LA OBRA DE AGUA POTABLE QUE BENEFICIAR\u00c1 A 70 MIL VECINOS"},"content":{"rendered":"\n<figure class=\"wp-block-image size-full\"><img loading=\"lazy\" decoding=\"async\" width=\"1024\" height=\"676\" src=\"https:\/\/www.nextmultimedio.com\/wp-content\/uploads\/2025\/11\/WhatsApp-Image-2025-11-19-at-14.10.45-1024x676-1.jpeg\" alt=\"\" class=\"wp-image-12710\" srcset=\"https:\/\/www.nextmultimedio.com\/wp-content\/uploads\/2025\/11\/WhatsApp-Image-2025-11-19-at-14.10.45-1024x676-1.jpeg 1024w, https:\/\/www.nextmultimedio.com\/wp-content\/uploads\/2025\/11\/WhatsApp-Image-2025-11-19-at-14.10.45-1024x676-1-300x198.jpeg 300w, https:\/\/www.nextmultimedio.com\/wp-content\/uploads\/2025\/11\/WhatsApp-Image-2025-11-19-at-14.10.45-1024x676-1-768x507.jpeg 768w\" sizes=\"auto, (max-width: 1024px) 100vw, 1024px\" \/><\/figure>\n\n\n\n<ul class=\"wp-block-list\">\n<li><strong>La Provincia y el municipio invierten m\u00e1s de 6.260 millones de pesos para reemplazar el tramo principal del acueducto ubicado bajo la avenida C\u00e1rcano.<\/strong><\/li>\n\n\n\n<li><strong>El proyecto incluir\u00e1 la repavimentaci\u00f3n completa de Avenida C\u00e1rcano, entre Avenida General Paz y calle Brasil.<\/strong><\/li>\n\n\n\n<li><strong>\u201cEs una intervenci\u00f3n hist\u00f3rica, estamos renovando un acueducto de grandes dimensiones que estaba totalmente deteriorado, tras a\u00f1os de uso\u201d, dijo el gobernador.<\/strong><\/li>\n<\/ul>\n\n\n\n<p>El gobernador Mart\u00edn Llaryora, junto al intendente Esteban Avil\u00e9s, recorri\u00f3 la obra que mejorar\u00e1 el sistema de agua potable en la Ciudad de Villa Carlos Paz, beneficiando a unos 70 mil vecinos.<\/p>\n\n\n\n<p>Se trata del reemplazo del tramo principal del acueducto ubicado bajo la Avenida C\u00e1rcano, entre calle Johannes Kepler y la intersecci\u00f3n con Avenida Libertad, conocida popularmente como el \u201cTri\u00e1ngulo\u201d.<\/p>\n\n\n\n<p>El proyecto contempla la readecuaci\u00f3n de la calzada en el tramo en donde se coloca el ducto.<\/p>\n\n\n\n<p>Durante la recorrida, Llaryora destac\u00f3 el trabajo conjunto con el municipio para poder concretar la renovaci\u00f3n del acueducto, una obra que calific\u00f3 de hist\u00f3rica ya que reemplaza una antigua instalaci\u00f3n, lo que garantizar\u00e1 un mejor servicio de agua potable para las zonas centro y este de la villa serrana.<\/p>\n\n\n\n<p><em>\u201cSe est\u00e1 finalizando el \u00faltimo tramo del acueducto, una obra esperada por los habitantes de Carlos Paz y la regi\u00f3n\u201d,<\/em>&nbsp;dijo el mandatario.<\/p>\n\n\n\n<p><em>\u201cHemos decidido culminar esta etapa y luego de la temporada de verano iniciar la rehabilitaci\u00f3n est\u00e9tica y final de la C\u00e1rcano. Queremos evitar inconvenientes al turismo y al comercio durante el verano. Una vez finalizada la temporada, volveremos para dejar la avenida nueva, moderna y en perfectas condiciones\u201d<\/em>, indic\u00f3.<\/p>\n\n\n\n<p>La inversi\u00f3n, a cargo del Gobierno Provincial y de la Municipalidad, totalizar\u00e1 6.265.083.247 pesos.<\/p>\n\n\n\n<p>Avil\u00e9s destac\u00f3 el avance del acueducto y ponder\u00f3 el acompa\u00f1amiento de la Provincia para el desarrollo del municipio. \u201c<em>El gobernador tiene una sinton\u00eda clara e identifica cu\u00e1les son las obras emblem\u00e1ticas que necesita la ciudad. Esa visi\u00f3n compartida es clave para avanzar,\u00bb<\/em>&nbsp;indic\u00f3.<\/p>\n\n\n\n<p>El secretario de Infraestructura H\u00eddrica y Gas\u00edfera, Edgar Castell\u00f3, detall\u00f3 que&nbsp;<em>\u201cla obra se divide en dos etapas diferenciadas. La primera es la instalaci\u00f3n de la ca\u00f1er\u00eda y la segunda comprende la nueva carpeta asf\u00e1ltica y el cantero central de la avenida\u201d.<\/em><\/p>\n\n\n\n<p>Y agreg\u00f3 que la obra hidr\u00e1ulica registra un avance cercano al 90%, mientras que el proyecto integral alcanza una realizaci\u00f3n cercana al 50%. \u201cSolo restan los metros finales de instalaci\u00f3n y la intervenci\u00f3n en algunas c\u00e1maras con piezas especiales\u201d, precis\u00f3.<\/p>\n\n\n\n<p>La ejecuci\u00f3n de esta infraestructura gener\u00f3 30 puestos de trabajo directos.<\/p>\n\n\n\n<p><strong>Tareas ejecutadas<\/strong><\/p>\n\n\n\n<p>Respecto a los avances t\u00e9cnicos, ya se ejecutaron el fresado del pavimento existente, la excavaci\u00f3n de zanjas y el posterior relleno con suelo seleccionado en una extensi\u00f3n de 2.300 metros.<\/p>\n\n\n\n<p>En paralelo, se concret\u00f3 la provisi\u00f3n de 2.400 metros de ca\u00f1er\u00eda PRFV, logrando la instalaci\u00f3n efectiva de 2.300 metros, junto a la colocaci\u00f3n de cuatro piezas especiales para v\u00e1lvulas y derivaciones.<\/p>\n\n\n\n<p>Las labores tambi\u00e9n incluyeron la reposici\u00f3n transitoria de la carpeta asf\u00e1ltica a lo largo de 2.000 metros y la preparaci\u00f3n de un kil\u00f3metro del trazado para las correspondientes pruebas hidr\u00e1ulicas.\u00bb<\/p>\n\n\n\n<p><strong>Detalles de la obra<\/strong><\/p>\n\n\n\n<p>La intervenci\u00f3n contempla la renovaci\u00f3n de 2400 metros de ca\u00f1er\u00eda de cemento por una nueva tuber\u00eda de PRFV (poli\u00e9ster reforzado con fibra de vidrio).<\/p>\n\n\n\n<p>Esta renovaci\u00f3n tiene como objetivo optimizar el funcionamiento del sistema de distribuci\u00f3n de agua potable conocido como \u201cAcueducto Principal de Carlos Paz\u201d, y as\u00ed garantizar el abastecimiento a las zonas centro y este de la ciudad.<\/p>\n\n\n\n<p>Adem\u00e1s, la obra incluye la repavimentaci\u00f3n completa de Avenida C\u00e1rcano, entre Avenida General Paz y calle Brasil.<\/p>\n\n\n\n<p>Los trabajos contemplan la mejora de la carpeta asf\u00e1ltica existente, la construcci\u00f3n de un separador central y la ejecuci\u00f3n de obras de escurrimiento en los cruces de las calles Tierra del Fuego y R\u00edo Negro.<\/p>\n\n\n\n<p>La obra busca optimizar el funcionamiento de la Ruta Provincial N\u00ba 14, una v\u00eda de alto tr\u00e1nsito que cumple un rol estrat\u00e9gico como conexi\u00f3n entre C\u00f3rdoba capital y el Valle de Punilla, y como polo comercial dentro de Villa Carlos Paz.<\/p>\n\n\n\n<p>El redise\u00f1o de la calzada, con la incorporaci\u00f3n de un cantero central, forma parte de un proyecto integral que apunta a mejorar la seguridad vial y reducir la velocidad del tr\u00e1nsito en una zona de car\u00e1cter netamente urbano.Navegaci\u00f3n de entradas<\/p>\n","protected":false},"excerpt":{"rendered":"<p>El gobernador Mart\u00edn Llaryora, junto al intendente Esteban Avil\u00e9s, recorri\u00f3 la obra que mejorar\u00e1 el sistema de agua potable en la Ciudad de Villa Carlos Paz, beneficiando a unos 70 mil vecinos. Se trata del reemplazo del tramo principal del acueducto ubicado bajo la Avenida C\u00e1rcano, entre calle Johannes Kepler y la intersecci\u00f3n con Avenida [&hellip;]<\/p>\n","protected":false},"author":1,"featured_media":12710,"comment_status":"closed","ping_status":"closed","sticky":false,"template":"","format":"standard","meta":{"footnotes":""},"categories":[69],"tags":[345],"class_list":["post-12709","post","type-post","status-publish","format-standard","has-post-thumbnail","hentry","category-noticias","tag-destacar"],"_links":{"self":[{"href":"https:\/\/www.nextmultimedio.com\/index.php?rest_route=\/wp\/v2\/posts\/12709","targetHints":{"allow":["GET"]}}],"collection":[{"href":"https:\/\/www.nextmultimedio.com\/index.php?rest_route=\/wp\/v2\/posts"}],"about":[{"href":"https:\/\/www.nextmultimedio.com\/index.php?rest_route=\/wp\/v2\/types\/post"}],"author":[{"embeddable":true,"href":"https:\/\/www.nextmultimedio.com\/index.php?rest_route=\/wp\/v2\/users\/1"}],"replies":[{"embeddable":true,"href":"https:\/\/www.nextmultimedio.com\/index.php?rest_route=%2Fwp%2Fv2%2Fcomments&post=12709"}],"version-history":[{"count":1,"href":"https:\/\/www.nextmultimedio.com\/index.php?rest_route=\/wp\/v2\/posts\/12709\/revisions"}],"predecessor-version":[{"id":12711,"href":"https:\/\/www.nextmultimedio.com\/index.php?rest_route=\/wp\/v2\/posts\/12709\/revisions\/12711"}],"wp:featuredmedia":[{"embeddable":true,"href":"https:\/\/www.nextmultimedio.com\/index.php?rest_route=\/wp\/v2\/media\/12710"}],"wp:attachment":[{"href":"https:\/\/www.nextmultimedio.com\/index.php?rest_route=%2Fwp%2Fv2%2Fmedia&parent=12709"}],"wp:term":[{"taxonomy":"category","embeddable":true,"href":"https:\/\/www.nextmultimedio.com\/index.php?rest_route=%2Fwp%2Fv2%2Fcategories&post=12709"},{"taxonomy":"post_tag","embeddable":true,"href":"https:\/\/www.nextmultimedio.com\/index.php?rest_route=%2Fwp%2Fv2%2Ftags&post=12709"}],"curies":[{"name":"wp","href":"https:\/\/api.w.org\/{rel}","templated":true}]}}