{"id":12700,"date":"2025-11-18T17:59:09","date_gmt":"2025-11-18T20:59:09","guid":{"rendered":"https:\/\/www.nextmultimedio.com\/?p=12700"},"modified":"2025-11-18T17:59:10","modified_gmt":"2025-11-18T20:59:10","slug":"jornada-extendida-de-vacunacion-antirrabica-en-los-jardines-municipales","status":"publish","type":"post","link":"https:\/\/www.nextmultimedio.com\/?p=12700","title":{"rendered":"JORNADA EXTENDIDA DE VACUNACI\u00d3N ANTIRR\u00c1BICA EN LOS JARD\u00cdNES MUNICIPALES"},"content":{"rendered":"\n<p><a><\/a>GERM\u00c1N FLESIA: esta semana ser\u00e1 el jueves en los jard\u00ednes municipales desde las 10hs. a las 18hs., nos queda una semana m\u00e1s y finalizamos con una totalidad de 33 lugares recorridos y una cantidad de 33.000 vacunas colocadas.<\/p>\n\n\n\n<p>Nota completa en youtube<\/p>\n\n\n\n<figure class=\"wp-block-embed is-type-video is-provider-youtube wp-block-embed-youtube wp-embed-aspect-16-9 wp-has-aspect-ratio\"><div class=\"wp-block-embed__wrapper\">\n<iframe loading=\"lazy\" title=\"JORNADA EXTENDIDA DE VACUNACI\u00d3N ANTIRR\u00c1BICA EN LOS JARD\u00cdNES MUNICIPALES\" width=\"620\" height=\"349\" src=\"https:\/\/www.youtube.com\/embed\/R34z8NjPkhk?feature=oembed\" frameborder=\"0\" allow=\"accelerometer; autoplay; clipboard-write; encrypted-media; gyroscope; picture-in-picture; web-share\" referrerpolicy=\"strict-origin-when-cross-origin\" allowfullscreen><\/iframe>\n<\/div><\/figure>\n\n\n\n<p>Haz clic para ampliar<\/p>\n","protected":false},"excerpt":{"rendered":"<p>GERM\u00c1N FLESIA: esta semana ser\u00e1 el jueves en los jard\u00ednes municipales desde las 10hs. a las 18hs., nos queda una semana m\u00e1s y finalizamos con una totalidad de 33 lugares recorridos y una cantidad de 33.000 vacunas colocadas. Nota completa en youtube Haz clic para ampliar<\/p>\n","protected":false},"author":1,"featured_media":12701,"comment_status":"closed","ping_status":"closed","sticky":false,"template":"","format":"standard","meta":{"footnotes":""},"categories":[69],"tags":[345],"class_list":["post-12700","post","type-post","status-publish","format-standard","has-post-thumbnail","hentry","category-noticias","tag-destacar"],"_links":{"self":[{"href":"https:\/\/www.nextmultimedio.com\/index.php?rest_route=\/wp\/v2\/posts\/12700","targetHints":{"allow":["GET"]}}],"collection":[{"href":"https:\/\/www.nextmultimedio.com\/index.php?rest_route=\/wp\/v2\/posts"}],"about":[{"href":"https:\/\/www.nextmultimedio.com\/index.php?rest_route=\/wp\/v2\/types\/post"}],"author":[{"embeddable":true,"href":"https:\/\/www.nextmultimedio.com\/index.php?rest_route=\/wp\/v2\/users\/1"}],"replies":[{"embeddable":true,"href":"https:\/\/www.nextmultimedio.com\/index.php?rest_route=%2Fwp%2Fv2%2Fcomments&post=12700"}],"version-history":[{"count":1,"href":"https:\/\/www.nextmultimedio.com\/index.php?rest_route=\/wp\/v2\/posts\/12700\/revisions"}],"predecessor-version":[{"id":12702,"href":"https:\/\/www.nextmultimedio.com\/index.php?rest_route=\/wp\/v2\/posts\/12700\/revisions\/12702"}],"wp:featuredmedia":[{"embeddable":true,"href":"https:\/\/www.nextmultimedio.com\/index.php?rest_route=\/wp\/v2\/media\/12701"}],"wp:attachment":[{"href":"https:\/\/www.nextmultimedio.com\/index.php?rest_route=%2Fwp%2Fv2%2Fmedia&parent=12700"}],"wp:term":[{"taxonomy":"category","embeddable":true,"href":"https:\/\/www.nextmultimedio.com\/index.php?rest_route=%2Fwp%2Fv2%2Fcategories&post=12700"},{"taxonomy":"post_tag","embeddable":true,"href":"https:\/\/www.nextmultimedio.com\/index.php?rest_route=%2Fwp%2Fv2%2Ftags&post=12700"}],"curies":[{"name":"wp","href":"https:\/\/api.w.org\/{rel}","templated":true}]}}