{"id":12660,"date":"2025-11-14T18:19:51","date_gmt":"2025-11-14T21:19:51","guid":{"rendered":"https:\/\/www.nextmultimedio.com\/?p=12660"},"modified":"2025-11-14T18:19:52","modified_gmt":"2025-11-14T21:19:52","slug":"cordoba-fue-reconocida-por-ogp-por-una-de-sus-iniciativas-de-gobierno-abierto","status":"publish","type":"post","link":"https:\/\/www.nextmultimedio.com\/?p=12660","title":{"rendered":"C\u00d3RDOBA FUE RECONOCIDA POR OGP POR UNA DE SUS INICIATIVAS DE GOBIERNO ABIERTO"},"content":{"rendered":"\n<figure class=\"wp-block-image size-large\"><img loading=\"lazy\" decoding=\"async\" width=\"1024\" height=\"1024\" src=\"https:\/\/www.nextmultimedio.com\/wp-content\/uploads\/2025\/11\/581419960_18322375150243999_2354682653616225614_n-1024x1024.jpg\" alt=\"\" class=\"wp-image-12661\" srcset=\"https:\/\/www.nextmultimedio.com\/wp-content\/uploads\/2025\/11\/581419960_18322375150243999_2354682653616225614_n-1024x1024.jpg 1024w, https:\/\/www.nextmultimedio.com\/wp-content\/uploads\/2025\/11\/581419960_18322375150243999_2354682653616225614_n-300x300.jpg 300w, https:\/\/www.nextmultimedio.com\/wp-content\/uploads\/2025\/11\/581419960_18322375150243999_2354682653616225614_n-768x768.jpg 768w, https:\/\/www.nextmultimedio.com\/wp-content\/uploads\/2025\/11\/581419960_18322375150243999_2354682653616225614_n.jpg 1440w\" sizes=\"auto, (max-width: 1024px) 100vw, 1024px\" \/><\/figure>\n\n\n\n<p>La Provincia de C\u00f3rdoba, como miembro de la Alianza para el Gobierno Abierto (OGP, por sus siglas en ingl\u00e9s), fue reconocida en los Open Gov Challenge Awards,en el marco de la Cumbre Mundial de OGP 2025.<\/p>\n\n\n\n<p>La distinci\u00f3n fue por su compromiso de \u201cCo-creaci\u00f3n de un Proyecto de Ley de Acceso a la Informaci\u00f3n P\u00fablica\u201d,* que forma parte del II Plan de Acci\u00f3n de Gobierno Abierto 2024-2027, junto a su agenda de transparencia, participaci\u00f3n e innovaci\u00f3n democr\u00e1tica que coordina la Secretar\u00eda de Gobierno Abierto, dependiente del Ministerio de Gobierno de la Provincia.<\/p>\n\n\n\n<p>Al recibir la novedad, el ministro Manuel Calvo comparti\u00f3 m\u00e1s detalles del trabajo realizado mientras se avanza en el proyecto.<\/p>\n\n\n\n<p>\u201cEn conjunto con las universidades y las organizaciones de la sociedad civil estamos trabajando en esta co-creaci\u00f3n de una nueva Ley de Acceso a la Informaci\u00f3n P\u00fablica, un reto importante para actualizar y fortalecer nuestro marco de transparencia, como as\u00ed tambi\u00e9n garantizar mejores herramientas que permitan a la ciudadan\u00eda ejercer plenamente su derecho a informarse.\u201d_ , expres\u00f3 el ministro de Gobierno.<\/p>\n\n\n\n<p>De esta manera, dentro de las 163 iniciativas que se analizaron en la Cumbre de OGP, la propuesta de C\u00f3rdoba viene a reafirmar el rol de la provincia como referente regional en pol\u00edticas de apertura gubernamental.<\/p>\n\n\n\n<p>\u201cEste reconocimiento internacional nos impulsa a seguir profundizando pol\u00edticas p\u00fablicas que promuevan la apertura, la transparencia y la participaci\u00f3n ciudadana. El gobierno abierto no es una teor\u00eda: es una herramienta que mejora la confianza entre el Estado y la sociedad. Nuestro compromiso es continuar construyendo una provincia m\u00e1s transparente, inclusiva y cercana\u201d,_ afirm\u00f3 Manuel Calvo.<\/p>\n\n\n\n<p><a href=\"https:\/\/www.facebook.com\/photo\/?fbid=1426841302780375&amp;set=pcb.1426841322780373&amp;__cft__[0]=AZUET5sq6XiFw7ALe8a1_NdBCxKJZnEhl8Gl5PIWYP5tB2SDW96725wotsy5svi962m_y8cCd9Ua3vaqLma7bubwCrrfr8ANZsj1Vi4gXkqODX9U653hgnPbAtNb99igDmzam3HZTm48zfpw6UdDrMwJr9XJ6efyYHwiIiTw242qLuZxBmfz0kXiBoe62u4Ento&amp;__tn__=*b0H-R\"><\/a><\/p>\n\n\n\n<figure class=\"wp-block-image\"><a href=\"https:\/\/www.facebook.com\/photo\/?fbid=1426841302780375&amp;set=pcb.1426841322780373&amp;__cft__[0]=AZUET5sq6XiFw7ALe8a1_NdBCxKJZnEhl8Gl5PIWYP5tB2SDW96725wotsy5svi962m_y8cCd9Ua3vaqLma7bubwCrrfr8ANZsj1Vi4gXkqODX9U653hgnPbAtNb99igDmzam3HZTm48zfpw6UdDrMwJr9XJ6efyYHwiIiTw242qLuZxBmfz0kXiBoe62u4Ento&amp;__tn__=*b0H-R\"><img decoding=\"async\" src=\"https:\/\/scontent.fcor10-3.fna.fbcdn.net\/v\/t51.82787-15\/581419960_18322375150243999_2354682653616225614_n.webp?stp=dst-jpg_s590x590_tt6&amp;_nc_cat=105&amp;ccb=1-7&amp;_nc_sid=127cfc&amp;_nc_eui2=AeEVLk6H20cfJa91h_5DCAT2BCmLGPEqnSMEKYsY8SqdIz187aoeLXGxaaVVM-ZhK0Y&amp;_nc_ohc=lrdasHBzv0IQ7kNvwGF9qUQ&amp;_nc_oc=AdkLHiTm7NhYXMot4l-7KS8GOtM9uB72SAYSbz4mEdnIMHohhHgG1mI98q17seSHDYU&amp;_nc_zt=23&amp;_nc_ht=scontent.fcor10-3.fna&amp;_nc_gid=48dAE9UwrJwPa543ydSGgA&amp;oh=00_AfjwOYKAv0AzyFfTlTpL7FGtBGcDcq5poQd_FyZkBL6hZQ&amp;oe=691D74DD\" alt=\"\"\/><\/a><\/figure>\n\n\n\n<p><a href=\"https:\/\/www.facebook.com\/photo\/?fbid=1426841306113708&amp;set=pcb.1426841322780373&amp;__cft__[0]=AZUET5sq6XiFw7ALe8a1_NdBCxKJZnEhl8Gl5PIWYP5tB2SDW96725wotsy5svi962m_y8cCd9Ua3vaqLma7bubwCrrfr8ANZsj1Vi4gXkqODX9U653hgnPbAtNb99igDmzam3HZTm48zfpw6UdDrMwJr9XJ6efyYHwiIiTw242qLuZxBmfz0kXiBoe62u4Ento&amp;__tn__=*b1H-R\"><\/a><\/p>\n\n\n\n<figure class=\"wp-block-image\"><a href=\"https:\/\/www.facebook.com\/photo\/?fbid=1426841306113708&amp;set=pcb.1426841322780373&amp;__cft__[0]=AZUET5sq6XiFw7ALe8a1_NdBCxKJZnEhl8Gl5PIWYP5tB2SDW96725wotsy5svi962m_y8cCd9Ua3vaqLma7bubwCrrfr8ANZsj1Vi4gXkqODX9U653hgnPbAtNb99igDmzam3HZTm48zfpw6UdDrMwJr9XJ6efyYHwiIiTw242qLuZxBmfz0kXiBoe62u4Ento&amp;__tn__=*b1H-R\"><img decoding=\"async\" src=\"https:\/\/scontent.fcor10-4.fna.fbcdn.net\/v\/t51.82787-15\/581536828_18322375159243999_4091573293511113619_n.webp?stp=dst-jpg_s590x590_tt6&amp;_nc_cat=111&amp;ccb=1-7&amp;_nc_sid=127cfc&amp;_nc_eui2=AeE6NgWbpV5XE4dmHe6MlpyKMpHppcY6mTEykemlxjqZMUUaS6KbhPtC0VXK8ZcDeXs&amp;_nc_ohc=FTs0sNXNk8QQ7kNvwFZnzUq&amp;_nc_oc=AdmKSSsr9-rG-G5tsgmBT-PUGmz6vqiDo30-bNajrnv_y--8ikpU0trNE2odQA5PUVY&amp;_nc_zt=23&amp;_nc_ht=scontent.fcor10-4.fna&amp;_nc_gid=48dAE9UwrJwPa543ydSGgA&amp;oh=00_Afg-3318MQoKvuoT3awcPDhUiOO48AcRO91wm7M7T5eZkg&amp;oe=691D6C48\" alt=\"\"\/><\/a><\/figure>\n","protected":false},"excerpt":{"rendered":"<p>La Provincia de C\u00f3rdoba, como miembro de la Alianza para el Gobierno Abierto (OGP, por sus siglas en ingl\u00e9s), fue reconocida en los Open Gov Challenge Awards,en el marco de la Cumbre Mundial de OGP 2025. La distinci\u00f3n fue por su compromiso de \u201cCo-creaci\u00f3n de un Proyecto de Ley de Acceso a la Informaci\u00f3n P\u00fablica\u201d,* [&hellip;]<\/p>\n","protected":false},"author":1,"featured_media":12661,"comment_status":"closed","ping_status":"closed","sticky":false,"template":"","format":"standard","meta":{"footnotes":""},"categories":[69],"tags":[345],"class_list":["post-12660","post","type-post","status-publish","format-standard","has-post-thumbnail","hentry","category-noticias","tag-destacar"],"_links":{"self":[{"href":"https:\/\/www.nextmultimedio.com\/index.php?rest_route=\/wp\/v2\/posts\/12660","targetHints":{"allow":["GET"]}}],"collection":[{"href":"https:\/\/www.nextmultimedio.com\/index.php?rest_route=\/wp\/v2\/posts"}],"about":[{"href":"https:\/\/www.nextmultimedio.com\/index.php?rest_route=\/wp\/v2\/types\/post"}],"author":[{"embeddable":true,"href":"https:\/\/www.nextmultimedio.com\/index.php?rest_route=\/wp\/v2\/users\/1"}],"replies":[{"embeddable":true,"href":"https:\/\/www.nextmultimedio.com\/index.php?rest_route=%2Fwp%2Fv2%2Fcomments&post=12660"}],"version-history":[{"count":1,"href":"https:\/\/www.nextmultimedio.com\/index.php?rest_route=\/wp\/v2\/posts\/12660\/revisions"}],"predecessor-version":[{"id":12662,"href":"https:\/\/www.nextmultimedio.com\/index.php?rest_route=\/wp\/v2\/posts\/12660\/revisions\/12662"}],"wp:featuredmedia":[{"embeddable":true,"href":"https:\/\/www.nextmultimedio.com\/index.php?rest_route=\/wp\/v2\/media\/12661"}],"wp:attachment":[{"href":"https:\/\/www.nextmultimedio.com\/index.php?rest_route=%2Fwp%2Fv2%2Fmedia&parent=12660"}],"wp:term":[{"taxonomy":"category","embeddable":true,"href":"https:\/\/www.nextmultimedio.com\/index.php?rest_route=%2Fwp%2Fv2%2Fcategories&post=12660"},{"taxonomy":"post_tag","embeddable":true,"href":"https:\/\/www.nextmultimedio.com\/index.php?rest_route=%2Fwp%2Fv2%2Ftags&post=12660"}],"curies":[{"name":"wp","href":"https:\/\/api.w.org\/{rel}","templated":true}]}}