{"id":12642,"date":"2025-11-13T22:58:50","date_gmt":"2025-11-14T01:58:50","guid":{"rendered":"https:\/\/www.nextmultimedio.com\/?p=12642"},"modified":"2025-11-13T22:58:51","modified_gmt":"2025-11-14T01:58:51","slug":"el-club-argentino-de-servicio-entrego-el-premio-juan-bautista-alberdi","status":"publish","type":"post","link":"https:\/\/www.nextmultimedio.com\/?p=12642","title":{"rendered":"EL CLUB ARGENTINO DE SERVICIO ENTREG\u00d3 EL PREMIO &#8220;JUAN BAUTISTA ALBERDI\u201d"},"content":{"rendered":"\n<figure class=\"wp-block-image size-full\"><img loading=\"lazy\" decoding=\"async\" width=\"696\" height=\"321\" src=\"https:\/\/www.nextmultimedio.com\/wp-content\/uploads\/2025\/11\/premios-alberdi-1-696x321-1.jpeg\" alt=\"\" class=\"wp-image-12643\" srcset=\"https:\/\/www.nextmultimedio.com\/wp-content\/uploads\/2025\/11\/premios-alberdi-1-696x321-1.jpeg 696w, https:\/\/www.nextmultimedio.com\/wp-content\/uploads\/2025\/11\/premios-alberdi-1-696x321-1-300x138.jpeg 300w\" sizes=\"auto, (max-width: 696px) 100vw, 696px\" \/><\/figure>\n\n\n\n<p><a><\/a>El Club Argentino de Servicio de Villa Carlos Paz procedi\u00f3 a hacer entrega del \u201cPremio Juan Bautista Alberdi\u201d, a Alumnos del sexto curso del CO de las Escuelas Secundarias de Villa Carlos Paz, que se destacaron durante el presente a\u00f1o por su contracci\u00f3n al estudio en la asignatura \u201cFormaci\u00f3n para la vida y el trabajo\u201d. El acto se realiz\u00f3 en el Sal\u00f3n Auditorio de la Municipalidad de Villa Carlos Paz, con la participaci\u00f3n de autoridades del Departamento Ejecutivo Municipal y Concejo de Representantes de Villa Carlos Paz, miembros del Club Argentino de Servicio de Villa Carlos Paz, docentes y alumnos de los colegios convocados y familiares de los alumnos premiados.<\/p>\n\n\n\n<p>Los alumnos seleccionados de los siguientes establecimientos escolares:<\/p>\n\n\n\n<p>1.- COLEGIO \u201cJULIETA DELFINO\u201d<\/p>\n\n\n\n<p>ALUMNA: BRUNO SANTIAGO DIAS<\/p>\n\n\n\n<p>2.- INSTITUTO \u201cDANTE ALIGHIERI\u201d<\/p>\n\n\n\n<p>ALUMNOS: JOAQUINA BRAVO GARNERO y VICTORIA VALENTINA AGUIRRE<\/p>\n\n\n\n<p>3.- INSTITUTO DE ENSE\u00d1ANZA MEDIA \u201cSAN ANDRES\u201d<\/p>\n\n\n\n<p>ALUMNA: MADELEIN PERAL<\/p>\n\n\n\n<p>4.- INSTITUTO DE ENSE\u00d1ANZA SECUNDARIA (IES)<\/p>\n\n\n\n<p>ALUMNAS: MATIAS LORENZO PETERNEL<\/p>\n\n\n\n<p>5.- ESCUELA ALFONSINA STORNI (IESS)<\/p>\n\n\n\n<p>ALUMNA: VALENTINA PAGLIARI<\/p>\n\n\n\n<p>6.- ESCUELA IESS NOCTURNA<\/p>\n\n\n\n<p>ALUMNA: MILAGROS NEO<\/p>\n\n\n\n<p>7.- ESCUELAS PROA<\/p>\n\n\n\n<p>ALUMNO: VIOLETA LOCATI<\/p>\n\n\n\n<p>8.- INSTITUTO PARROQUIAL \u201cBERNARDO D\u2019EL\u00cdA\u201d<\/p>\n\n\n\n<p>ALUMNO: MAXIMO BALDACCI SERRA<\/p>\n\n\n\n<p>9.- INSTITUTO \u201cREMEDIOS DE ESCALADA DE SAN MART\u00cdN\u201d<\/p>\n\n\n\n<p>ALUMNA: AGUSTINA ROCIO DA VIA FAVA<\/p>\n\n\n\n<p>10.- IPEM 190 \u201cDR. PEDRO CARANDE CARRO\u201d<\/p>\n\n\n\n<p>ALUMNA: MIQUEAS JOEL NAGEL ANGIOLETTI<\/p>\n\n\n\n<p>11.- IPEM 316 \u201cEVA DUARTE DE PERON\u201d<\/p>\n\n\n\n<p>ALUMNO: ROSA AZUL RUIZ AGUIRRE<\/p>\n\n\n\n<p>12.- IPEM 359 INSTITUTO SUPERIOR \u201cARTURO UMBERTO ILLIA\u201d<\/p>\n\n\n\n<p>ALUMNA: AYKEN KEYLA GOMEZ<\/p>\n\n\n\n<p>13.- IPEM 365 \u201cDR. RENE FAVALORO\u201d<\/p>\n\n\n\n<p>ALUMNA: LUZ MIA RAMOS GALIONE<\/p>\n\n\n\n<p>Haz clic para ampliar<\/p>\n\n\n\n<p><\/p>\n","protected":false},"excerpt":{"rendered":"<p>El Club Argentino de Servicio de Villa Carlos Paz procedi\u00f3 a hacer entrega del \u201cPremio Juan Bautista Alberdi\u201d, a Alumnos del sexto curso del CO de las Escuelas Secundarias de Villa Carlos Paz, que se destacaron durante el presente a\u00f1o por su contracci\u00f3n al estudio en la asignatura \u201cFormaci\u00f3n para la vida y el trabajo\u201d. [&hellip;]<\/p>\n","protected":false},"author":1,"featured_media":12643,"comment_status":"closed","ping_status":"closed","sticky":false,"template":"","format":"standard","meta":{"footnotes":""},"categories":[69],"tags":[345],"class_list":["post-12642","post","type-post","status-publish","format-standard","has-post-thumbnail","hentry","category-noticias","tag-destacar"],"_links":{"self":[{"href":"https:\/\/www.nextmultimedio.com\/index.php?rest_route=\/wp\/v2\/posts\/12642","targetHints":{"allow":["GET"]}}],"collection":[{"href":"https:\/\/www.nextmultimedio.com\/index.php?rest_route=\/wp\/v2\/posts"}],"about":[{"href":"https:\/\/www.nextmultimedio.com\/index.php?rest_route=\/wp\/v2\/types\/post"}],"author":[{"embeddable":true,"href":"https:\/\/www.nextmultimedio.com\/index.php?rest_route=\/wp\/v2\/users\/1"}],"replies":[{"embeddable":true,"href":"https:\/\/www.nextmultimedio.com\/index.php?rest_route=%2Fwp%2Fv2%2Fcomments&post=12642"}],"version-history":[{"count":1,"href":"https:\/\/www.nextmultimedio.com\/index.php?rest_route=\/wp\/v2\/posts\/12642\/revisions"}],"predecessor-version":[{"id":12644,"href":"https:\/\/www.nextmultimedio.com\/index.php?rest_route=\/wp\/v2\/posts\/12642\/revisions\/12644"}],"wp:featuredmedia":[{"embeddable":true,"href":"https:\/\/www.nextmultimedio.com\/index.php?rest_route=\/wp\/v2\/media\/12643"}],"wp:attachment":[{"href":"https:\/\/www.nextmultimedio.com\/index.php?rest_route=%2Fwp%2Fv2%2Fmedia&parent=12642"}],"wp:term":[{"taxonomy":"category","embeddable":true,"href":"https:\/\/www.nextmultimedio.com\/index.php?rest_route=%2Fwp%2Fv2%2Fcategories&post=12642"},{"taxonomy":"post_tag","embeddable":true,"href":"https:\/\/www.nextmultimedio.com\/index.php?rest_route=%2Fwp%2Fv2%2Ftags&post=12642"}],"curies":[{"name":"wp","href":"https:\/\/api.w.org\/{rel}","templated":true}]}}