{"id":12637,"date":"2025-11-12T17:24:16","date_gmt":"2025-11-12T20:24:16","guid":{"rendered":"https:\/\/www.nextmultimedio.com\/?p=12637"},"modified":"2025-11-12T17:24:17","modified_gmt":"2025-11-12T20:24:17","slug":"llega-el-evento-mas-dulce-del-ano-a-la-villa","status":"publish","type":"post","link":"https:\/\/www.nextmultimedio.com\/?p=12637","title":{"rendered":"LLEGA EL EVENTO M\u00c1S DULCE DEL A\u00d1O A LA VILLA"},"content":{"rendered":"\n<figure class=\"wp-block-image size-large\"><img loading=\"lazy\" decoding=\"async\" width=\"819\" height=\"1024\" src=\"https:\/\/www.nextmultimedio.com\/wp-content\/uploads\/2025\/11\/581042816_18321508876243999_9024354764879885276_n-819x1024.jpg\" alt=\"\" class=\"wp-image-12638\" srcset=\"https:\/\/www.nextmultimedio.com\/wp-content\/uploads\/2025\/11\/581042816_18321508876243999_9024354764879885276_n-819x1024.jpg 819w, https:\/\/www.nextmultimedio.com\/wp-content\/uploads\/2025\/11\/581042816_18321508876243999_9024354764879885276_n-240x300.jpg 240w, https:\/\/www.nextmultimedio.com\/wp-content\/uploads\/2025\/11\/581042816_18321508876243999_9024354764879885276_n-768x961.jpg 768w, https:\/\/www.nextmultimedio.com\/wp-content\/uploads\/2025\/11\/581042816_18321508876243999_9024354764879885276_n-1228x1536.jpg 1228w, https:\/\/www.nextmultimedio.com\/wp-content\/uploads\/2025\/11\/581042816_18321508876243999_9024354764879885276_n.jpg 1440w\" sizes=\"auto, (max-width: 819px) 100vw, 819px\" \/><\/figure>\n\n\n\n<p>Este fin de semana, Villa Carlos Paz se convierte en la capital nacional del sabor con la 1\u00b0 Edici\u00f3n del Encuentro del Alfajor. \u00a1Una propuesta imperdible para vecinos y turistas!<\/p>\n\n\n\n<p>S\u00e1bado 15 y domingo 16 de noviembre.<\/p>\n\n\n\n<p>En el coraz\u00f3n de la ciudad, el Paseo de Artesanos (Alem esq. Las Heras)<\/p>\n\n\n\n<p>AGEND\u00c1 ESTO: Cada d\u00eda, a partir de las 18:00 hs. y hasta las 23:00 hs., podr\u00e1s disfrutar de un evento pensado para toda la familia:<\/p>\n\n\n\n<p>Degustaciones<\/p>\n\n\n\n<p>Demostraciones en vivo.<\/p>\n\n\n\n<p>Competencias de alfajores<\/p>\n\n\n\n<p>Shows en vivo y actividades para grandes y chicos.<\/p>\n\n\n\n<p>Con entrada libre y gratuita, reuniremos a productores, emprendedores y fan\u00e1ticos de Villa Carlos Paz y de todo el pa\u00eds.<\/p>\n\n\n\n<p>Marcas locales y nacionales prometen conquistar tu paladar.<\/p>\n\n\n\n<p>\u00a1No te quedes sin probar los mejores alfajores! Ven\u00ed a disfrutar de un fin de semana \u00fanico, dulce y familiar<\/p>\n\n\n\n<p>Entrada libre y gratuita.<\/p>\n\n\n\n<p><a href=\"https:\/\/www.facebook.com\/photo\/?fbid=1425217079609464&amp;set=a.356501556481027&amp;__cft__[0]=AZWBxYP8Acw96FydY1JWRqpUno8TTfm4Zyp2yKA_SOKxmSA68l6v-et7G89jUNu5PejekYxFiOZqNTBCWGTNAYYJ5iDui-YL_97IfgRO1-xSBxjPaKbKdX43g1089sHSGfA-6ZGUk23yhrOdek7Ljy5-ZNQPiWnFXBFYvXKB-uzdLAHDpidN4ilFkV3m0_30IF0&amp;__tn__=EH-R\"><\/a><\/p>\n\n\n\n<figure class=\"wp-block-image\"><a href=\"https:\/\/www.facebook.com\/photo\/?fbid=1425217079609464&amp;set=a.356501556481027&amp;__cft__[0]=AZWBxYP8Acw96FydY1JWRqpUno8TTfm4Zyp2yKA_SOKxmSA68l6v-et7G89jUNu5PejekYxFiOZqNTBCWGTNAYYJ5iDui-YL_97IfgRO1-xSBxjPaKbKdX43g1089sHSGfA-6ZGUk23yhrOdek7Ljy5-ZNQPiWnFXBFYvXKB-uzdLAHDpidN4ilFkV3m0_30IF0&amp;__tn__=EH-R\"><img decoding=\"async\" src=\"https:\/\/scontent.fcor10-4.fna.fbcdn.net\/v\/t51.82787-15\/581042816_18321508876243999_9024354764879885276_n.webp?stp=dst-jpg_s640x640_tt6&amp;_nc_cat=110&amp;ccb=1-7&amp;_nc_sid=127cfc&amp;_nc_eui2=AeGmgYAzKwdpYV7kiLXboz-rW5nUg7DPe5dbmdSDsM97l6a8nfoftCwLGNRTdearwCY&amp;_nc_ohc=0xFJJvNMT8UQ7kNvwEoNRJA&amp;_nc_oc=AdkUmek_yMjr_P9mA0DtzIkfaiJe-bKktmuqZDsDSQDR8FjLFpW9cPIlQ-KHM_Nj3QM&amp;_nc_zt=23&amp;_nc_ht=scontent.fcor10-4.fna&amp;_nc_gid=UMvu2dFH0OMOVKMJeTt9jw&amp;oh=00_AfiOEfkqZb732_wQ622dakW_Bl-Qaf0LQONunNw3p_KLSQ&amp;oe=691AA1E3\" alt=\"Puede ser una imagen de \u200etaza de caf\u00e9, helado y \u200etexto que dice &quot;\u200e15-16 16 15- NOV 18a23hs 18 a 23 hs Alem y Las Heras Encuentro Alfajor Noviembre Noviembre2025 2025 villa Carlos Paz DEGUSTACIONES DEMOSTRACIONES ACTIVIDADES PARA NI\u00d1OS COMPETENCIA DE ALFAJORES PUESTO DE CAF\u00c9 ARTESAN\u00cdAS EX ENCUENTRO DULCE \u0633\u0644\u0644\u0644 vcPigob. MUNICIPALIDAD CIPALIDAD AZ Mr. Mr.Coffee ENTRADA LIBRE ENTRADALIBREYGRATUITA Y GRATUITA\u200e&quot;\u200e\u200e\"\/><\/a><\/figure>\n","protected":false},"excerpt":{"rendered":"<p>Este fin de semana, Villa Carlos Paz se convierte en la capital nacional del sabor con la 1\u00b0 Edici\u00f3n del Encuentro del Alfajor. \u00a1Una propuesta imperdible para vecinos y turistas! S\u00e1bado 15 y domingo 16 de noviembre. En el coraz\u00f3n de la ciudad, el Paseo de Artesanos (Alem esq. Las Heras) AGEND\u00c1 ESTO: Cada d\u00eda, [&hellip;]<\/p>\n","protected":false},"author":1,"featured_media":12638,"comment_status":"closed","ping_status":"closed","sticky":false,"template":"","format":"standard","meta":{"footnotes":""},"categories":[69],"tags":[345],"class_list":["post-12637","post","type-post","status-publish","format-standard","has-post-thumbnail","hentry","category-noticias","tag-destacar"],"_links":{"self":[{"href":"https:\/\/www.nextmultimedio.com\/index.php?rest_route=\/wp\/v2\/posts\/12637","targetHints":{"allow":["GET"]}}],"collection":[{"href":"https:\/\/www.nextmultimedio.com\/index.php?rest_route=\/wp\/v2\/posts"}],"about":[{"href":"https:\/\/www.nextmultimedio.com\/index.php?rest_route=\/wp\/v2\/types\/post"}],"author":[{"embeddable":true,"href":"https:\/\/www.nextmultimedio.com\/index.php?rest_route=\/wp\/v2\/users\/1"}],"replies":[{"embeddable":true,"href":"https:\/\/www.nextmultimedio.com\/index.php?rest_route=%2Fwp%2Fv2%2Fcomments&post=12637"}],"version-history":[{"count":1,"href":"https:\/\/www.nextmultimedio.com\/index.php?rest_route=\/wp\/v2\/posts\/12637\/revisions"}],"predecessor-version":[{"id":12639,"href":"https:\/\/www.nextmultimedio.com\/index.php?rest_route=\/wp\/v2\/posts\/12637\/revisions\/12639"}],"wp:featuredmedia":[{"embeddable":true,"href":"https:\/\/www.nextmultimedio.com\/index.php?rest_route=\/wp\/v2\/media\/12638"}],"wp:attachment":[{"href":"https:\/\/www.nextmultimedio.com\/index.php?rest_route=%2Fwp%2Fv2%2Fmedia&parent=12637"}],"wp:term":[{"taxonomy":"category","embeddable":true,"href":"https:\/\/www.nextmultimedio.com\/index.php?rest_route=%2Fwp%2Fv2%2Fcategories&post=12637"},{"taxonomy":"post_tag","embeddable":true,"href":"https:\/\/www.nextmultimedio.com\/index.php?rest_route=%2Fwp%2Fv2%2Ftags&post=12637"}],"curies":[{"name":"wp","href":"https:\/\/api.w.org\/{rel}","templated":true}]}}