{"id":12634,"date":"2025-11-12T17:18:50","date_gmt":"2025-11-12T20:18:50","guid":{"rendered":"https:\/\/www.nextmultimedio.com\/?p=12634"},"modified":"2025-11-12T17:18:51","modified_gmt":"2025-11-12T20:18:51","slug":"licitaron-el-ultimo-tramo-para-completar-la-pavimentacion-de-la-ruta-provincial-28","status":"publish","type":"post","link":"https:\/\/www.nextmultimedio.com\/?p=12634","title":{"rendered":"LICITARON EL \u00daLTIMO TRAMO PARA COMPLETAR LA PAVIMENTACI\u00d3N DE LA RUTA PROVINCIAL 28"},"content":{"rendered":"\n<figure class=\"wp-block-image size-full\"><img loading=\"lazy\" decoding=\"async\" width=\"990\" height=\"557\" src=\"https:\/\/www.nextmultimedio.com\/wp-content\/uploads\/2025\/11\/WhatsApp-Image-2025-10-28-at-11.17.23.jpeg\" alt=\"\" class=\"wp-image-12635\" srcset=\"https:\/\/www.nextmultimedio.com\/wp-content\/uploads\/2025\/11\/WhatsApp-Image-2025-10-28-at-11.17.23.jpeg 990w, https:\/\/www.nextmultimedio.com\/wp-content\/uploads\/2025\/11\/WhatsApp-Image-2025-10-28-at-11.17.23-300x169.jpeg 300w, https:\/\/www.nextmultimedio.com\/wp-content\/uploads\/2025\/11\/WhatsApp-Image-2025-10-28-at-11.17.23-768x432.jpeg 768w\" sizes=\"auto, (max-width: 990px) 100vw, 990px\" \/><\/figure>\n\n\n\n<p>La obra se extiende entre los r\u00edos Guasta y Chaves, con un presupuesto oficial de m\u00e1s 37 mil millones de pesos.<\/p>\n\n\n\n<p>Est\u00e1 en ejecuci\u00f3n la pavimentaci\u00f3n entre el r\u00edo Guasta y el r\u00edo Yuspe.<\/p>\n\n\n\n<p>Recientemente tambi\u00e9n se licitaron dos tramos m\u00e1s.<\/p>\n\n\n\n<p>El Gobierno de C\u00f3rdoba contin\u00faa con la obra de pavimentaci\u00f3n de la Ruta Provincial 28, un recorrido enmarcado en paisajes monta\u00f1osos majestuosos que se convertir\u00e1 en un nuevo atractivo tur\u00edstico de las Sierras de C\u00f3rdoba.&nbsp;<\/p>\n\n\n\n<p>El Ministerio de Infraestructura y Servicios P\u00fablicos, a trav\u00e9s de la Direcci\u00f3n de Vialidad, licit\u00f3 el tramo entre los r\u00edos Guasta y Chaves, el \u00faltimo del proyecto vial que contempla la pavimentaci\u00f3n integral de la ruta que abarca unos 90 kil\u00f3metros de monta\u00f1a.<\/p>\n\n\n\n<p>Y se encuentran en ejecuci\u00f3n las tareas entre los r\u00edos Guasta y Yuspe.&nbsp;&nbsp;<\/p>\n\n\n\n<p>El trayecto licitado tiene un presupuesto oficial de 37.582.734.240 pesos. Atraviesa una zona monta\u00f1osa en el noroeste de la provincia de C\u00f3rdoba, entre los departamentos Pocho y Cruz del Eje.&nbsp;<\/p>\n\n\n\n<p>Este segmento completa el tramo licitado hace unos d\u00edas que se extiende entre Tala Ca\u00f1ada y r\u00edo Guasta.<\/p>\n\n\n\n<p>El proyecto vial contempla la construcci\u00f3n de seis carriles adicionales de sobrepaso (cuatro en sentido ascendente y dos en sentido descendente), el ensanchamiento de 6 puentes existentes y la ejecuci\u00f3n de una estructura nueva en la nueva traza proyectada sobre el r\u00edo Chaves.<\/p>\n\n\n\n<p>La intervenci\u00f3n proyectada en la RP 28 busca mejorar la conectividad en \u00e1reas de topograf\u00eda accidentada, contribuyendo a la seguridad vial y a la transitabilidad de los habitantes de la regi\u00f3n.&nbsp;<\/p>\n\n\n\n<p>Dado el entorno sin dudas la ruta se convertir\u00e1 en un nuevo atractivo tur\u00edstico, con postales naturales impactantes a lo largo de todo el trayecto, que conecta los valles de Punilla y Traslasierra.<\/p>\n\n\n\n<p>El acto licitatorio estuvo encabezado por el director de Vialidad Provincial, Mart\u00edn Guti\u00e9rrez, qui\u00e9n destac\u00f3 que la pavimentaci\u00f3n de la Ruta 28 es&nbsp;\u201cuna de las obras viales m\u00e1s importantes que ejecuta el Gobierno provincial\u201d.&nbsp;<\/p>\n\n\n\n<p>Informaci\u00f3n e imagen:@cordobaok<\/p>\n\n\n\n<p><a href=\"https:\/\/www.facebook.com\/photo\/?fbid=1425223019608870&amp;set=pcb.1425223042942201&amp;__cft__[0]=AZXWaiTyLEbXGd1hkfNgd7HZ2qE2cUk4-_lB1cK3VlMsPZ0bVVWo4wkBilV-oq_Ss-KxXRZLTrTck4uTCRxkkGb_dzg48BasXfz6ykLslQYniluk-YS1eHYQTsrQ2gVknWOt1IbJlaJAqq0YTTSYY1pHiG2KD53qmNtcurDIrwNvG27vN2mLpNOyaeIj6vG4Ovw&amp;__tn__=*b0H-R\"><\/a><\/p>\n\n\n\n<figure class=\"wp-block-image\"><a href=\"https:\/\/www.facebook.com\/photo\/?fbid=1425223019608870&amp;set=pcb.1425223042942201&amp;__cft__[0]=AZXWaiTyLEbXGd1hkfNgd7HZ2qE2cUk4-_lB1cK3VlMsPZ0bVVWo4wkBilV-oq_Ss-KxXRZLTrTck4uTCRxkkGb_dzg48BasXfz6ykLslQYniluk-YS1eHYQTsrQ2gVknWOt1IbJlaJAqq0YTTSYY1pHiG2KD53qmNtcurDIrwNvG27vN2mLpNOyaeIj6vG4Ovw&amp;__tn__=*b0H-R\"><img decoding=\"async\" src=\"https:\/\/scontent.fcor10-3.fna.fbcdn.net\/v\/t51.82787-15\/576045670_18321510028243999_3930244855781110964_n.webp?stp=dst-jpg_s590x590_tt6&amp;_nc_cat=105&amp;ccb=1-7&amp;_nc_sid=127cfc&amp;_nc_eui2=AeGAzXdyA4LQ_MSrXAy8SSoSbipY5OAOP29uKljk4A4_b6DutKDKyXs8vQtcLflWtMg&amp;_nc_ohc=AYlY4_2hkm0Q7kNvwHYaFxL&amp;_nc_oc=AdnFISFRiCIV9dnvHsA2SJF9ctfnFhLfI0XCG8SAJ1tfLJGyCu2ti72j7KbiJUTVxCc&amp;_nc_zt=23&amp;_nc_ht=scontent.fcor10-3.fna&amp;_nc_gid=nj3EmUui1knr62RhIAPhsw&amp;oh=00_Afg0jSiQusVmtVyaNZ7JWfTLn5vHiAvXBOK0ox_9nK6v_Q&amp;oe=691A9D7C\" alt=\"\"\/><\/a><\/figure>\n\n\n\n<p><a href=\"https:\/\/www.facebook.com\/photo\/?fbid=1425223022942203&amp;set=pcb.1425223042942201&amp;__cft__[0]=AZXWaiTyLEbXGd1hkfNgd7HZ2qE2cUk4-_lB1cK3VlMsPZ0bVVWo4wkBilV-oq_Ss-KxXRZLTrTck4uTCRxkkGb_dzg48BasXfz6ykLslQYniluk-YS1eHYQTsrQ2gVknWOt1IbJlaJAqq0YTTSYY1pHiG2KD53qmNtcurDIrwNvG27vN2mLpNOyaeIj6vG4Ovw&amp;__tn__=*b1H-R\"><\/a><\/p>\n\n\n\n<figure class=\"wp-block-image\"><a href=\"https:\/\/www.facebook.com\/photo\/?fbid=1425223022942203&amp;set=pcb.1425223042942201&amp;__cft__[0]=AZXWaiTyLEbXGd1hkfNgd7HZ2qE2cUk4-_lB1cK3VlMsPZ0bVVWo4wkBilV-oq_Ss-KxXRZLTrTck4uTCRxkkGb_dzg48BasXfz6ykLslQYniluk-YS1eHYQTsrQ2gVknWOt1IbJlaJAqq0YTTSYY1pHiG2KD53qmNtcurDIrwNvG27vN2mLpNOyaeIj6vG4Ovw&amp;__tn__=*b1H-R\"><img decoding=\"async\" src=\"https:\/\/scontent.fcor10-3.fna.fbcdn.net\/v\/t51.82787-15\/581400752_18321510037243999_419515394858048220_n.webp?stp=dst-jpg_s590x590_tt6&amp;_nc_cat=104&amp;ccb=1-7&amp;_nc_sid=127cfc&amp;_nc_eui2=AeHaiTeR2kNLBJ8VciKK5EzTy704CaR6mALLvTgJpHqYAmkw9TGNf9h_5SofdJdni7A&amp;_nc_ohc=7TX8nU-IsqUQ7kNvwEQzfdi&amp;_nc_oc=Adk6L1-y70FWw4WyofGR3FdhKhWVy9nEcuNbw20s6D5yMUPVXwjsixzMf1TVHmrJ4Ic&amp;_nc_zt=23&amp;_nc_ht=scontent.fcor10-3.fna&amp;_nc_gid=nj3EmUui1knr62RhIAPhsw&amp;oh=00_AfiIfY3dN9DZd8Vci6Yv1eTmlru6DFr1M6bmRzlyPyLvvA&amp;oe=691AA254\" alt=\"\"\/><\/a><\/figure>\n","protected":false},"excerpt":{"rendered":"<p>La obra se extiende entre los r\u00edos Guasta y Chaves, con un presupuesto oficial de m\u00e1s 37 mil millones de pesos. Est\u00e1 en ejecuci\u00f3n la pavimentaci\u00f3n entre el r\u00edo Guasta y el r\u00edo Yuspe. Recientemente tambi\u00e9n se licitaron dos tramos m\u00e1s. El Gobierno de C\u00f3rdoba contin\u00faa con la obra de pavimentaci\u00f3n de la Ruta Provincial [&hellip;]<\/p>\n","protected":false},"author":1,"featured_media":12635,"comment_status":"closed","ping_status":"closed","sticky":false,"template":"","format":"standard","meta":{"footnotes":""},"categories":[69],"tags":[345],"class_list":["post-12634","post","type-post","status-publish","format-standard","has-post-thumbnail","hentry","category-noticias","tag-destacar"],"_links":{"self":[{"href":"https:\/\/www.nextmultimedio.com\/index.php?rest_route=\/wp\/v2\/posts\/12634","targetHints":{"allow":["GET"]}}],"collection":[{"href":"https:\/\/www.nextmultimedio.com\/index.php?rest_route=\/wp\/v2\/posts"}],"about":[{"href":"https:\/\/www.nextmultimedio.com\/index.php?rest_route=\/wp\/v2\/types\/post"}],"author":[{"embeddable":true,"href":"https:\/\/www.nextmultimedio.com\/index.php?rest_route=\/wp\/v2\/users\/1"}],"replies":[{"embeddable":true,"href":"https:\/\/www.nextmultimedio.com\/index.php?rest_route=%2Fwp%2Fv2%2Fcomments&post=12634"}],"version-history":[{"count":1,"href":"https:\/\/www.nextmultimedio.com\/index.php?rest_route=\/wp\/v2\/posts\/12634\/revisions"}],"predecessor-version":[{"id":12636,"href":"https:\/\/www.nextmultimedio.com\/index.php?rest_route=\/wp\/v2\/posts\/12634\/revisions\/12636"}],"wp:featuredmedia":[{"embeddable":true,"href":"https:\/\/www.nextmultimedio.com\/index.php?rest_route=\/wp\/v2\/media\/12635"}],"wp:attachment":[{"href":"https:\/\/www.nextmultimedio.com\/index.php?rest_route=%2Fwp%2Fv2%2Fmedia&parent=12634"}],"wp:term":[{"taxonomy":"category","embeddable":true,"href":"https:\/\/www.nextmultimedio.com\/index.php?rest_route=%2Fwp%2Fv2%2Fcategories&post=12634"},{"taxonomy":"post_tag","embeddable":true,"href":"https:\/\/www.nextmultimedio.com\/index.php?rest_route=%2Fwp%2Fv2%2Ftags&post=12634"}],"curies":[{"name":"wp","href":"https:\/\/api.w.org\/{rel}","templated":true}]}}