{"id":12629,"date":"2025-11-12T17:12:34","date_gmt":"2025-11-12T20:12:34","guid":{"rendered":"https:\/\/www.nextmultimedio.com\/?p=12629"},"modified":"2025-11-12T17:12:35","modified_gmt":"2025-11-12T20:12:35","slug":"chau-asadito-a-la-orilla-del-rio","status":"publish","type":"post","link":"https:\/\/www.nextmultimedio.com\/?p=12629","title":{"rendered":"&#8220;CHAU ASADITO A LA ORILLA DEL RIO&#8221;"},"content":{"rendered":"\n<p>Una gran pol\u00e9mica gener\u00f3 en la ciudad la decisi\u00f3n del intendente Esteban Avil\u00e9s de eliminar los tradicionales asadores, mesas y sillas de material  en el balneario de Playas de Oro.<\/p>\n\n\n\n<p><br>Esta ma\u00f1ana maquinarias y personal municipal destruy\u00f3 la infraestructura existente que se encontraba en muy mal estado de conservaci\u00f3n.<\/p>\n\n\n\n<p><br>Seg\u00fan se inform\u00f3 la iniciativa obedece a un proyecto de poner en valor las costas del r\u00edo San Antonio, generando nuevos espacios de recreaci\u00f3n y deporte.<\/p>\n\n\n\n<p><br>Los comerciantes y vecinos de la zona criticaron la medida oficial y aseguraron que los perjudicar\u00e1 econ\u00f3micamente puesto que ya no vendr\u00e1n familias y grupos juveniles durante los veranos para utilizar los asadores y mesas y comprar en los negocios circundantes.<\/p>\n\n\n\n<p><a><\/a>MARCELO SOL\u00cdS &#8211; ADRI\u00c1N COCORDANO &#8211; : Nueva etapa del programa Integral de Valorizaci\u00f3n de la Costa, en Barrio Playas de Oro y Costa del R\u00edo, es una puesta en valor de los corredores e intervenciones para darle revalorizaci\u00f3n a los sectores que m\u00e1s visitan los turistas.<\/p>\n","protected":false},"excerpt":{"rendered":"<p>Una gran pol\u00e9mica gener\u00f3 en la ciudad la decisi\u00f3n del intendente Esteban Avil\u00e9s de eliminar los tradicionales asadores, mesas y sillas de material en el balneario de Playas de Oro. Esta ma\u00f1ana maquinarias y personal municipal destruy\u00f3 la infraestructura existente que se encontraba en muy mal estado de conservaci\u00f3n. Seg\u00fan se inform\u00f3 la iniciativa obedece [&hellip;]<\/p>\n","protected":false},"author":1,"featured_media":12631,"comment_status":"closed","ping_status":"closed","sticky":false,"template":"","format":"standard","meta":{"footnotes":""},"categories":[69],"tags":[345],"class_list":["post-12629","post","type-post","status-publish","format-standard","has-post-thumbnail","hentry","category-noticias","tag-destacar"],"_links":{"self":[{"href":"https:\/\/www.nextmultimedio.com\/index.php?rest_route=\/wp\/v2\/posts\/12629","targetHints":{"allow":["GET"]}}],"collection":[{"href":"https:\/\/www.nextmultimedio.com\/index.php?rest_route=\/wp\/v2\/posts"}],"about":[{"href":"https:\/\/www.nextmultimedio.com\/index.php?rest_route=\/wp\/v2\/types\/post"}],"author":[{"embeddable":true,"href":"https:\/\/www.nextmultimedio.com\/index.php?rest_route=\/wp\/v2\/users\/1"}],"replies":[{"embeddable":true,"href":"https:\/\/www.nextmultimedio.com\/index.php?rest_route=%2Fwp%2Fv2%2Fcomments&post=12629"}],"version-history":[{"count":1,"href":"https:\/\/www.nextmultimedio.com\/index.php?rest_route=\/wp\/v2\/posts\/12629\/revisions"}],"predecessor-version":[{"id":12632,"href":"https:\/\/www.nextmultimedio.com\/index.php?rest_route=\/wp\/v2\/posts\/12629\/revisions\/12632"}],"wp:featuredmedia":[{"embeddable":true,"href":"https:\/\/www.nextmultimedio.com\/index.php?rest_route=\/wp\/v2\/media\/12631"}],"wp:attachment":[{"href":"https:\/\/www.nextmultimedio.com\/index.php?rest_route=%2Fwp%2Fv2%2Fmedia&parent=12629"}],"wp:term":[{"taxonomy":"category","embeddable":true,"href":"https:\/\/www.nextmultimedio.com\/index.php?rest_route=%2Fwp%2Fv2%2Fcategories&post=12629"},{"taxonomy":"post_tag","embeddable":true,"href":"https:\/\/www.nextmultimedio.com\/index.php?rest_route=%2Fwp%2Fv2%2Ftags&post=12629"}],"curies":[{"name":"wp","href":"https:\/\/api.w.org\/{rel}","templated":true}]}}