{"id":12615,"date":"2025-11-11T19:27:21","date_gmt":"2025-11-11T22:27:21","guid":{"rendered":"https:\/\/www.nextmultimedio.com\/?p=12615"},"modified":"2025-11-11T19:27:22","modified_gmt":"2025-11-11T22:27:22","slug":"agenda-de-eventos-de-la-semana-3","status":"publish","type":"post","link":"https:\/\/www.nextmultimedio.com\/?p=12615","title":{"rendered":"AGENDA DE EVENTOS DE LA SEMANA"},"content":{"rendered":"\n<figure class=\"wp-block-image size-large\"><img loading=\"lazy\" decoding=\"async\" width=\"1024\" height=\"1024\" src=\"https:\/\/www.nextmultimedio.com\/wp-content\/uploads\/2025\/11\/575285298_18321042352243999_46176248167711399_n-1-1024x1024.jpg\" alt=\"\" class=\"wp-image-12616\" srcset=\"https:\/\/www.nextmultimedio.com\/wp-content\/uploads\/2025\/11\/575285298_18321042352243999_46176248167711399_n-1-1024x1024.jpg 1024w, https:\/\/www.nextmultimedio.com\/wp-content\/uploads\/2025\/11\/575285298_18321042352243999_46176248167711399_n-1-300x300.jpg 300w, https:\/\/www.nextmultimedio.com\/wp-content\/uploads\/2025\/11\/575285298_18321042352243999_46176248167711399_n-1-768x768.jpg 768w, https:\/\/www.nextmultimedio.com\/wp-content\/uploads\/2025\/11\/575285298_18321042352243999_46176248167711399_n-1.jpg 1440w\" sizes=\"auto, (max-width: 1024px) 100vw, 1024px\" \/><\/figure>\n\n\n\n<p>Como todas las semanas, Villa Carlos Paz ser\u00e1 sede de un nutrido calendario de eventos culturales, deportivos y recreativos para que disfruten turistas y vecinos, de acuerdo al siguiente cronograma:<\/p>\n\n\n\n<p>Jueves 13 de noviembre:<\/p>\n\n\n\n<p>18 hs. ISAUI. Acto traspaso ISAUI a Universidad Provincial de C\u00f3rdoba.<\/p>\n\n\n\n<p>20 hs. Sal\u00f3n Rizzuto. Presentaci\u00f3n del libro &#8220;Mis l\u00e1grimas, la tinta de mis versos&#8221; de Claudia V\u00e1squez.<\/p>\n\n\n\n<p>Viernes 14 de noviembre:<\/p>\n\n\n\n<p>19:30 hs. Polideportivo Sol y R\u00edo. Cierre de la escuela de gimnasia art\u00edstica municipal.<\/p>\n\n\n\n<p>19:30 hs. Sal\u00f3n Rizzuto. Ciclo de cine: Proyecci\u00f3n del film &#8220;Un ladr\u00f3n con estilo&#8221;.<\/p>\n\n\n\n<p>S\u00e1bado 15 de noviembre:<\/p>\n\n\n\n<p>9 hs. Espacio deportivo Estadio Arena y Polideportivo Colinas. 12\u00b0 Encuentro de escuelas de f\u00fatbol.<\/p>\n\n\n\n<p>9:30 hs. Estadio Arena. S\u00faper 4 de v\u00f3ley femenino.<\/p>\n\n\n\n<p>15 hs. Galer\u00eda cultural: Puente Uruguay. Paseo Arte Deco.<\/p>\n\n\n\n<p>17 hs. Plaza federal. 3\u00b0 Desaf\u00edo nocturno de autom\u00f3viles cl\u00e1sicos &#8220;Camino de las 100 curvas&#8221;.<\/p>\n\n\n\n<p>17:30 hs. Costanera altura Skatepark. XVII Marat\u00f3n Nacional para personas con y sin diabetes.<\/p>\n\n\n\n<p>18 hs. Paseo de Artesanos. Encuentro del Alfajor 2025.<\/p>\n\n\n\n<p>Domingo 16 de noviembre:<\/p>\n\n\n\n<p>15 hs. Galer\u00eda cultural: Puente Uruguay. Paseo Arte Deco.<\/p>\n\n\n\n<p>18 hs. Paseo de Artesanos. Encuentro del Alfajor 2025.<\/p>\n\n\n\n<p>Imagen:@municarlospaz<\/p>\n\n\n\n<p><a href=\"https:\/\/www.facebook.com\/photo\/?fbid=1424267449704427&amp;set=a.356501556481027&amp;__cft__[0]=AZXJS3Trlc_IByOWB9eRWz2Gm3NYE83nWMvHbW3za5FunOzfn4K7EbG1tavkJg1wNpVTKfvuTsK5NGJYQQB7RUoUSbhG74PgydIuM0LgCRIvxolIzayS1iEQ4Vt9tkz6Km687J0XkHY0oxUCI-q3GpUR&amp;__tn__=EH-R\"><\/a><\/p>\n\n\n\n<figure class=\"wp-block-image\"><a href=\"https:\/\/www.facebook.com\/photo\/?fbid=1424267449704427&amp;set=a.356501556481027&amp;__cft__[0]=AZXJS3Trlc_IByOWB9eRWz2Gm3NYE83nWMvHbW3za5FunOzfn4K7EbG1tavkJg1wNpVTKfvuTsK5NGJYQQB7RUoUSbhG74PgydIuM0LgCRIvxolIzayS1iEQ4Vt9tkz6Km687J0XkHY0oxUCI-q3GpUR&amp;__tn__=EH-R\"><img decoding=\"async\" src=\"https:\/\/scontent.fcor10-4.fna.fbcdn.net\/v\/t51.82787-15\/576517882_18321349246243999_6841937164188453593_n.webp?stp=dst-jpg_p526x296_tt6&amp;_nc_cat=106&amp;ccb=1-7&amp;_nc_sid=127cfc&amp;_nc_eui2=AeEjg5Q7eRdn4zfDZ5_2lrURv12FiQYvHI-_XYWJBi8cjxYw2Jw-BVySPxcnAmNyOoU&amp;_nc_ohc=0FU41k72LV8Q7kNvwGrRM1f&amp;_nc_oc=AdmTSRUFO1aCC8Hra4ts4ze7Q6sYW1m-DYVmiiAvkEnVhXVYWLAPO8UDAn85i-Upr8Y&amp;_nc_zt=23&amp;_nc_ht=scontent.fcor10-4.fna&amp;_nc_gid=-Av2uwzP5Mvndv08izGqLw&amp;oh=00_Afj7Kah2fqFQjoYF-FK4ddn4GuL44S9CZR5MlNsBiBIifg&amp;oe=69197050\" alt=\"Puede ser una imagen de barco, hidroavi\u00f3n y lago\"\/><\/a><\/figure>\n","protected":false},"excerpt":{"rendered":"<p>Como todas las semanas, Villa Carlos Paz ser\u00e1 sede de un nutrido calendario de eventos culturales, deportivos y recreativos para que disfruten turistas y vecinos, de acuerdo al siguiente cronograma: Jueves 13 de noviembre: 18 hs. ISAUI. Acto traspaso ISAUI a Universidad Provincial de C\u00f3rdoba. 20 hs. Sal\u00f3n Rizzuto. Presentaci\u00f3n del libro &#8220;Mis l\u00e1grimas, la [&hellip;]<\/p>\n","protected":false},"author":1,"featured_media":12616,"comment_status":"closed","ping_status":"closed","sticky":false,"template":"","format":"standard","meta":{"footnotes":""},"categories":[69],"tags":[345],"class_list":["post-12615","post","type-post","status-publish","format-standard","has-post-thumbnail","hentry","category-noticias","tag-destacar"],"_links":{"self":[{"href":"https:\/\/www.nextmultimedio.com\/index.php?rest_route=\/wp\/v2\/posts\/12615","targetHints":{"allow":["GET"]}}],"collection":[{"href":"https:\/\/www.nextmultimedio.com\/index.php?rest_route=\/wp\/v2\/posts"}],"about":[{"href":"https:\/\/www.nextmultimedio.com\/index.php?rest_route=\/wp\/v2\/types\/post"}],"author":[{"embeddable":true,"href":"https:\/\/www.nextmultimedio.com\/index.php?rest_route=\/wp\/v2\/users\/1"}],"replies":[{"embeddable":true,"href":"https:\/\/www.nextmultimedio.com\/index.php?rest_route=%2Fwp%2Fv2%2Fcomments&post=12615"}],"version-history":[{"count":1,"href":"https:\/\/www.nextmultimedio.com\/index.php?rest_route=\/wp\/v2\/posts\/12615\/revisions"}],"predecessor-version":[{"id":12617,"href":"https:\/\/www.nextmultimedio.com\/index.php?rest_route=\/wp\/v2\/posts\/12615\/revisions\/12617"}],"wp:featuredmedia":[{"embeddable":true,"href":"https:\/\/www.nextmultimedio.com\/index.php?rest_route=\/wp\/v2\/media\/12616"}],"wp:attachment":[{"href":"https:\/\/www.nextmultimedio.com\/index.php?rest_route=%2Fwp%2Fv2%2Fmedia&parent=12615"}],"wp:term":[{"taxonomy":"category","embeddable":true,"href":"https:\/\/www.nextmultimedio.com\/index.php?rest_route=%2Fwp%2Fv2%2Fcategories&post=12615"},{"taxonomy":"post_tag","embeddable":true,"href":"https:\/\/www.nextmultimedio.com\/index.php?rest_route=%2Fwp%2Fv2%2Ftags&post=12615"}],"curies":[{"name":"wp","href":"https:\/\/api.w.org\/{rel}","templated":true}]}}