{"id":12592,"date":"2025-11-09T20:34:54","date_gmt":"2025-11-09T23:34:54","guid":{"rendered":"https:\/\/www.nextmultimedio.com\/?p=12592"},"modified":"2025-11-09T20:34:54","modified_gmt":"2025-11-09T23:34:54","slug":"se-realizo-en-el-teatro-del-lago-la-muestra-anual-del-departamento-de-arte-en-movimiento","status":"publish","type":"post","link":"https:\/\/www.nextmultimedio.com\/?p=12592","title":{"rendered":"SE REALIZ\u00d3 EN EL TEATRO DEL LAGO LA MUESTRA ANUAL DEL DEPARTAMENTO DE ARTE EN MOVIMIENTO"},"content":{"rendered":"\n<figure class=\"wp-block-image size-large\"><img loading=\"lazy\" decoding=\"async\" width=\"1024\" height=\"682\" src=\"https:\/\/www.nextmultimedio.com\/wp-content\/uploads\/2025\/11\/575291056_18321042046243999_8502977263678905690_n-1-1024x682.jpg\" alt=\"\" class=\"wp-image-12593\" srcset=\"https:\/\/www.nextmultimedio.com\/wp-content\/uploads\/2025\/11\/575291056_18321042046243999_8502977263678905690_n-1-1024x682.jpg 1024w, https:\/\/www.nextmultimedio.com\/wp-content\/uploads\/2025\/11\/575291056_18321042046243999_8502977263678905690_n-1-300x200.jpg 300w, https:\/\/www.nextmultimedio.com\/wp-content\/uploads\/2025\/11\/575291056_18321042046243999_8502977263678905690_n-1-768x512.jpg 768w, https:\/\/www.nextmultimedio.com\/wp-content\/uploads\/2025\/11\/575291056_18321042046243999_8502977263678905690_n-1.jpg 1439w\" sizes=\"auto, (max-width: 1024px) 100vw, 1024px\" \/><\/figure>\n\n\n\n<p>El Gobierno de la Ciudad de Villa Carlos Paz, a trav\u00e9s de la Direcci\u00f3n de Cultura, llev\u00f3 a cabo el pasado viernes 7 de noviembre en el Teatro del Lago, el cierre del ciclo lectivo 2025 del Departamento de Arte en Movimiento (DAM), con una emotiva presentaci\u00f3n art\u00edstica que reuni\u00f3 a alumnos, docentes, familiares y vecinos.<\/p>\n\n\n\n<p>Durante la velada, el p\u00fablico pudo disfrutar de una muestra integral que combin\u00f3 danza, teatro, m\u00fasica y expresi\u00f3n corporal, protagonizada por los distintos talleres y elencos municipales que funcionan dentro del Departamento.&nbsp;<\/p>\n\n\n\n<p>\u201cEste cierre representa el fruto de un a\u00f1o de trabajo colectivo, donde el arte se convierte en una herramienta de encuentro, inclusi\u00f3n y expresi\u00f3n para toda la comunidad.<\/p>\n\n\n\n<p>Nos enorgullece ver c\u00f3mo este espacio crece a\u00f1o a a\u00f1o, generando nuevas oportunidades de formaci\u00f3n y participaci\u00f3n cultural\u201d, expres\u00f3 el Secretario de Turismo, Sebasti\u00e1n Boldrini.<\/p>\n\n\n\n<p>El evento, con entrada libre y gratuita, se vivi\u00f3 como una verdadera fiesta del arte local, reflejando el compromiso del municipio con el desarrollo cultural y la promoci\u00f3n de espacios p\u00fablicos que impulsan la formaci\u00f3n, creatividad y el talento carlospacense.<\/p>\n\n\n\n<p><a href=\"https:\/\/www.facebook.com\/photo\/?fbid=1422328196565019&amp;set=pcb.1422328263231679&amp;__cft__[0]=AZWsn06oZUuCz8MyeLjDCHaeQWzLDBIHDp0_eWgreITaRw6XQ6X4eG-vFsk7BJXj8L6UDIZOxvcppEPYVFTLt2sc-A-D0QHLKRAPRLWaDGdYDUUG_MmkKvcMRV7Q82KhItaqhI_F-ybHmM1DlJCidynBaJYNlWQYKu3ZZkmjRb4aRsU_Anu0RSsTC36E8LjATFY&amp;__tn__=*b0H-R\"><\/a><\/p>\n\n\n\n<figure class=\"wp-block-image\"><a href=\"https:\/\/www.facebook.com\/photo\/?fbid=1422328196565019&amp;set=pcb.1422328263231679&amp;__cft__[0]=AZWsn06oZUuCz8MyeLjDCHaeQWzLDBIHDp0_eWgreITaRw6XQ6X4eG-vFsk7BJXj8L6UDIZOxvcppEPYVFTLt2sc-A-D0QHLKRAPRLWaDGdYDUUG_MmkKvcMRV7Q82KhItaqhI_F-ybHmM1DlJCidynBaJYNlWQYKu3ZZkmjRb4aRsU_Anu0RSsTC36E8LjATFY&amp;__tn__=*b0H-R\"><img decoding=\"async\" src=\"https:\/\/scontent.fcor10-3.fna.fbcdn.net\/v\/t51.82787-15\/575300192_18321042010243999_5922735776853708416_n.webp?stp=dst-jpg_s590x590_tt6&amp;_nc_cat=100&amp;ccb=1-7&amp;_nc_sid=127cfc&amp;_nc_eui2=AeH-xzSXCIpCf56ilcUo0_8TJN1aC_fyvLwk3VoL9_K8vI_kfojaZb3d6h7fZ54N7Pw&amp;_nc_ohc=tUmJ4EAtBCEQ7kNvwGCjCCG&amp;_nc_oc=AdmJascyBT9FJ3p7swts-0NMeTOSgi_7s-xRqrnrsfqAg-g2Z5U2zN1qlhrou_toIl8&amp;_nc_zt=23&amp;_nc_ht=scontent.fcor10-3.fna&amp;_nc_gid=HRgA9HQ3Ho5ibiQ3mPZiQw&amp;oh=00_Afh6JIrFPZhQzElSLs3DDyEKES6GlS_TJngRySFIVRv4hw&amp;oe=69170A37\" alt=\"\"\/><\/a><\/figure>\n\n\n\n<p><a href=\"https:\/\/www.facebook.com\/photo\/?fbid=1422328199898352&amp;set=pcb.1422328263231679&amp;__cft__[0]=AZWsn06oZUuCz8MyeLjDCHaeQWzLDBIHDp0_eWgreITaRw6XQ6X4eG-vFsk7BJXj8L6UDIZOxvcppEPYVFTLt2sc-A-D0QHLKRAPRLWaDGdYDUUG_MmkKvcMRV7Q82KhItaqhI_F-ybHmM1DlJCidynBaJYNlWQYKu3ZZkmjRb4aRsU_Anu0RSsTC36E8LjATFY&amp;__tn__=*b1H-R\"><\/a><\/p>\n\n\n\n<figure class=\"wp-block-image\"><a href=\"https:\/\/www.facebook.com\/photo\/?fbid=1422328199898352&amp;set=pcb.1422328263231679&amp;__cft__[0]=AZWsn06oZUuCz8MyeLjDCHaeQWzLDBIHDp0_eWgreITaRw6XQ6X4eG-vFsk7BJXj8L6UDIZOxvcppEPYVFTLt2sc-A-D0QHLKRAPRLWaDGdYDUUG_MmkKvcMRV7Q82KhItaqhI_F-ybHmM1DlJCidynBaJYNlWQYKu3ZZkmjRb4aRsU_Anu0RSsTC36E8LjATFY&amp;__tn__=*b1H-R\"><img decoding=\"async\" src=\"https:\/\/scontent.fcor10-3.fna.fbcdn.net\/v\/t51.82787-15\/576075536_18321042019243999_153512655377943908_n.webp?stp=dst-jpg_s590x590_tt6&amp;_nc_cat=109&amp;ccb=1-7&amp;_nc_sid=127cfc&amp;_nc_eui2=AeFr_ytZ9bGr7Zj_KCwI1osqNUob4NZZ6BE1Shvg1lnoEWqCqG-tLrQL7nsYdaWaH_w&amp;_nc_ohc=B9mSd1KMn3IQ7kNvwGe-RHg&amp;_nc_oc=AdnkejVG1qMzjr7DTdCZgDAvQOn0yvPSAzhvXbpJBV-bO1P1Sd-Ic-cJWwuFoF4uWnY&amp;_nc_zt=23&amp;_nc_ht=scontent.fcor10-3.fna&amp;_nc_gid=HRgA9HQ3Ho5ibiQ3mPZiQw&amp;oh=00_Afh05WCMh18_f4OL9oH3AAA1pGKwqx6mrEtGeJbgn19Wnw&amp;oe=6916DCEA\" alt=\"\"\/><\/a><\/figure>\n\n\n\n<p><a href=\"https:\/\/www.facebook.com\/photo\/?fbid=1422328203231685&amp;set=pcb.1422328263231679&amp;__cft__[0]=AZWsn06oZUuCz8MyeLjDCHaeQWzLDBIHDp0_eWgreITaRw6XQ6X4eG-vFsk7BJXj8L6UDIZOxvcppEPYVFTLt2sc-A-D0QHLKRAPRLWaDGdYDUUG_MmkKvcMRV7Q82KhItaqhI_F-ybHmM1DlJCidynBaJYNlWQYKu3ZZkmjRb4aRsU_Anu0RSsTC36E8LjATFY&amp;__tn__=*b2H-R\"><\/a><\/p>\n\n\n\n<figure class=\"wp-block-image\"><a href=\"https:\/\/www.facebook.com\/photo\/?fbid=1422328203231685&amp;set=pcb.1422328263231679&amp;__cft__[0]=AZWsn06oZUuCz8MyeLjDCHaeQWzLDBIHDp0_eWgreITaRw6XQ6X4eG-vFsk7BJXj8L6UDIZOxvcppEPYVFTLt2sc-A-D0QHLKRAPRLWaDGdYDUUG_MmkKvcMRV7Q82KhItaqhI_F-ybHmM1DlJCidynBaJYNlWQYKu3ZZkmjRb4aRsU_Anu0RSsTC36E8LjATFY&amp;__tn__=*b2H-R\"><img decoding=\"async\" src=\"https:\/\/scontent.fcor10-3.fna.fbcdn.net\/v\/t51.82787-15\/575303698_18321042028243999_8006424172490003660_n.webp?stp=dst-jpg_s590x590_tt6&amp;_nc_cat=101&amp;ccb=1-7&amp;_nc_sid=127cfc&amp;_nc_eui2=AeGwzI3dVesMfV5F1xmMpyndP3bSL_xPYcI_dtIv_E9hwg_oebjEGku4WhslsJWjfn8&amp;_nc_ohc=8lWU7pUmV0kQ7kNvwEBQHrm&amp;_nc_oc=Adl8UoynitHqpU6-YWZ0kOBtb7xOVTXDKhvnsz-C7WogPBYPvdI2ucNSqZdk5uJp-qE&amp;_nc_zt=23&amp;_nc_ht=scontent.fcor10-3.fna&amp;_nc_gid=HRgA9HQ3Ho5ibiQ3mPZiQw&amp;oh=00_AfgrHZJxkNsvJTSUlHdg-cgs8VxatU9N-R1pOOl70PjXtg&amp;oe=6916DC8F\" alt=\"\"\/><\/a><\/figure>\n\n\n\n<p><a href=\"https:\/\/www.facebook.com\/photo\/?fbid=1422328193231686&amp;set=pcb.1422328263231679&amp;__cft__[0]=AZWsn06oZUuCz8MyeLjDCHaeQWzLDBIHDp0_eWgreITaRw6XQ6X4eG-vFsk7BJXj8L6UDIZOxvcppEPYVFTLt2sc-A-D0QHLKRAPRLWaDGdYDUUG_MmkKvcMRV7Q82KhItaqhI_F-ybHmM1DlJCidynBaJYNlWQYKu3ZZkmjRb4aRsU_Anu0RSsTC36E8LjATFY&amp;__tn__=*b3H-R\"><\/a><\/p>\n\n\n\n<figure class=\"wp-block-image\"><a href=\"https:\/\/www.facebook.com\/photo\/?fbid=1422328193231686&amp;set=pcb.1422328263231679&amp;__cft__[0]=AZWsn06oZUuCz8MyeLjDCHaeQWzLDBIHDp0_eWgreITaRw6XQ6X4eG-vFsk7BJXj8L6UDIZOxvcppEPYVFTLt2sc-A-D0QHLKRAPRLWaDGdYDUUG_MmkKvcMRV7Q82KhItaqhI_F-ybHmM1DlJCidynBaJYNlWQYKu3ZZkmjRb4aRsU_Anu0RSsTC36E8LjATFY&amp;__tn__=*b3H-R\"><img decoding=\"async\" src=\"https:\/\/scontent.fcor10-3.fna.fbcdn.net\/v\/t51.82787-15\/575654463_18321042037243999_1297789080853675621_n.webp?stp=dst-jpg_s590x590_tt6&amp;_nc_cat=104&amp;ccb=1-7&amp;_nc_sid=127cfc&amp;_nc_eui2=AeHwuZoQjWIP8g39X6mVOZsZbxSZpI00q4JvFJmkjTSrgmGtdUKRr45PmFwnMpYrESk&amp;_nc_ohc=ptgj4mUmteAQ7kNvwHdvw1K&amp;_nc_oc=AdkLrixdUBK43Iesf6bqOugSTCCIxVEbi6dNRcJTPr7DSWUzSZ1NGKH7W2nI8Y9FQcc&amp;_nc_zt=23&amp;_nc_ht=scontent.fcor10-3.fna&amp;_nc_gid=HRgA9HQ3Ho5ibiQ3mPZiQw&amp;oh=00_AfioGZRZicOKWotskFhz3XD9em5sZbJBYvYoue7dU0ex9w&amp;oe=69170B7D\" alt=\"\"\/><\/a><\/figure>\n\n\n\n<p><a href=\"https:\/\/www.facebook.com\/photo\/?fbid=1422328206565018&amp;set=pcb.1422328263231679&amp;__cft__[0]=AZWsn06oZUuCz8MyeLjDCHaeQWzLDBIHDp0_eWgreITaRw6XQ6X4eG-vFsk7BJXj8L6UDIZOxvcppEPYVFTLt2sc-A-D0QHLKRAPRLWaDGdYDUUG_MmkKvcMRV7Q82KhItaqhI_F-ybHmM1DlJCidynBaJYNlWQYKu3ZZkmjRb4aRsU_Anu0RSsTC36E8LjATFY&amp;__tn__=*b4H-R\"><\/a><\/p>\n\n\n\n<figure class=\"wp-block-image\"><a href=\"https:\/\/www.facebook.com\/photo\/?fbid=1422328206565018&amp;set=pcb.1422328263231679&amp;__cft__[0]=AZWsn06oZUuCz8MyeLjDCHaeQWzLDBIHDp0_eWgreITaRw6XQ6X4eG-vFsk7BJXj8L6UDIZOxvcppEPYVFTLt2sc-A-D0QHLKRAPRLWaDGdYDUUG_MmkKvcMRV7Q82KhItaqhI_F-ybHmM1DlJCidynBaJYNlWQYKu3ZZkmjRb4aRsU_Anu0RSsTC36E8LjATFY&amp;__tn__=*b4H-R\"><img decoding=\"async\" src=\"https:\/\/scontent.fcor10-4.fna.fbcdn.net\/v\/t51.82787-15\/575291056_18321042046243999_8502977263678905690_n.webp?stp=dst-jpg_s590x590_tt6&amp;_nc_cat=106&amp;ccb=1-7&amp;_nc_sid=127cfc&amp;_nc_eui2=AeFtWM_KuEpxLeoXv3yFYHOHUCkwUYVfYQ1QKTBRhV9hDeXW2-Z7KlkYQHi3773nGtQ&amp;_nc_ohc=GH4wLk1sQE4Q7kNvwG61n3y&amp;_nc_oc=AdmAgR9dCpazUZi2cv2rXF9kn5IVdgIoXc1aUZE7RA4EOyAw_1XwIr24I0Ou3FPO0lY&amp;_nc_zt=23&amp;_nc_ht=scontent.fcor10-4.fna&amp;_nc_gid=HRgA9HQ3Ho5ibiQ3mPZiQw&amp;oh=00_AfhH1F66CzU4XlnMR_7yUASv3DY177DydbqMI3Y_UDUZRA&amp;oe=6916D86E\" alt=\"\"\/><\/a><\/figure>\n","protected":false},"excerpt":{"rendered":"<p>El Gobierno de la Ciudad de Villa Carlos Paz, a trav\u00e9s de la Direcci\u00f3n de Cultura, llev\u00f3 a cabo el pasado viernes 7 de noviembre en el Teatro del Lago, el cierre del ciclo lectivo 2025 del Departamento de Arte en Movimiento (DAM), con una emotiva presentaci\u00f3n art\u00edstica que reuni\u00f3 a alumnos, docentes, familiares y [&hellip;]<\/p>\n","protected":false},"author":1,"featured_media":12593,"comment_status":"closed","ping_status":"closed","sticky":false,"template":"","format":"standard","meta":{"footnotes":""},"categories":[69],"tags":[345],"class_list":["post-12592","post","type-post","status-publish","format-standard","has-post-thumbnail","hentry","category-noticias","tag-destacar"],"_links":{"self":[{"href":"https:\/\/www.nextmultimedio.com\/index.php?rest_route=\/wp\/v2\/posts\/12592","targetHints":{"allow":["GET"]}}],"collection":[{"href":"https:\/\/www.nextmultimedio.com\/index.php?rest_route=\/wp\/v2\/posts"}],"about":[{"href":"https:\/\/www.nextmultimedio.com\/index.php?rest_route=\/wp\/v2\/types\/post"}],"author":[{"embeddable":true,"href":"https:\/\/www.nextmultimedio.com\/index.php?rest_route=\/wp\/v2\/users\/1"}],"replies":[{"embeddable":true,"href":"https:\/\/www.nextmultimedio.com\/index.php?rest_route=%2Fwp%2Fv2%2Fcomments&post=12592"}],"version-history":[{"count":1,"href":"https:\/\/www.nextmultimedio.com\/index.php?rest_route=\/wp\/v2\/posts\/12592\/revisions"}],"predecessor-version":[{"id":12594,"href":"https:\/\/www.nextmultimedio.com\/index.php?rest_route=\/wp\/v2\/posts\/12592\/revisions\/12594"}],"wp:featuredmedia":[{"embeddable":true,"href":"https:\/\/www.nextmultimedio.com\/index.php?rest_route=\/wp\/v2\/media\/12593"}],"wp:attachment":[{"href":"https:\/\/www.nextmultimedio.com\/index.php?rest_route=%2Fwp%2Fv2%2Fmedia&parent=12592"}],"wp:term":[{"taxonomy":"category","embeddable":true,"href":"https:\/\/www.nextmultimedio.com\/index.php?rest_route=%2Fwp%2Fv2%2Fcategories&post=12592"},{"taxonomy":"post_tag","embeddable":true,"href":"https:\/\/www.nextmultimedio.com\/index.php?rest_route=%2Fwp%2Fv2%2Ftags&post=12592"}],"curies":[{"name":"wp","href":"https:\/\/api.w.org\/{rel}","templated":true}]}}