{"id":12574,"date":"2025-11-06T19:01:06","date_gmt":"2025-11-06T22:01:06","guid":{"rendered":"https:\/\/www.nextmultimedio.com\/?p=12574"},"modified":"2025-11-06T19:01:07","modified_gmt":"2025-11-06T22:01:07","slug":"el-servicio-penitenciario-traslado-dos-internos-de-alta-peligrosidad-a-carceles-de-maxima-seguridad-federal","status":"publish","type":"post","link":"https:\/\/www.nextmultimedio.com\/?p=12574","title":{"rendered":"EL SERVICIO PENITENCIARIO TRASLAD\u00d3 DOS INTERNOS DE ALTA PELIGROSIDAD A C\u00c1RCELES DE MAXIMA SEGURIDAD FEDERAL"},"content":{"rendered":"\n<p><strong>Franco Artaza y Leandro Artaza continuar\u00e1n cumpliendo sus penas en Buenos Aires.<\/strong><\/p>\n\n\n\n<figure class=\"wp-block-image size-large\"><img loading=\"lazy\" decoding=\"async\" width=\"1024\" height=\"683\" src=\"https:\/\/www.nextmultimedio.com\/wp-content\/uploads\/2025\/11\/574132575_18320348596243999_2558147284089152758_n-1024x683.jpg\" alt=\"\" class=\"wp-image-12575\" srcset=\"https:\/\/www.nextmultimedio.com\/wp-content\/uploads\/2025\/11\/574132575_18320348596243999_2558147284089152758_n-1024x683.jpg 1024w, https:\/\/www.nextmultimedio.com\/wp-content\/uploads\/2025\/11\/574132575_18320348596243999_2558147284089152758_n-300x200.jpg 300w, https:\/\/www.nextmultimedio.com\/wp-content\/uploads\/2025\/11\/574132575_18320348596243999_2558147284089152758_n-768x512.jpg 768w, https:\/\/www.nextmultimedio.com\/wp-content\/uploads\/2025\/11\/574132575_18320348596243999_2558147284089152758_n.jpg 1438w\" sizes=\"auto, (max-width: 1024px) 100vw, 1024px\" \/><\/figure>\n\n\n\n<p>Los traslados se realizan en virtud del Acuerdo de Alojamiento de Personas realizado entre el Ministerio de Justicia y el Ministerio de Seguridad de la Naci\u00f3n.<\/p>\n\n\n\n<p>El Servicio Penitenciario de la Provincia concret\u00f3 este jueves el traslado de dos internos de alto perfil o alto riesgo, con la asistencia de la Polic\u00eda de C\u00f3rdoba, a c\u00e1rceles de m\u00e1xima seguridad bajo la \u00f3rbita del Servicio Penitenciario Federal en la Provincia de Buenos Aires.<\/p>\n\n\n\n<p>Los detenidos fueron enviados desde el Aeropuerto Ingeniero Ambrosio Taravella al Aeropuerto Internacional de Ezeiza, para ser escoltados a un establecimiento penitenciario federal.<\/p>\n\n\n\n<p>Los traslados de Franco Gabriel Artaza, quien cumpl\u00eda su condena en el Establecimiento Penitenciario N\u00b07 de San Francisco, y de Leandro Ezequiel Artaza, desde el Complejo Carcelario N\u00b02 de Cruz del Eje, se enmarcan en el convenio sobre Alojamiento de Personas Privadas de Libertad de Distinta Jurisdicci\u00f3n firmado entre el Ministerio de Justicia y Trabajo de la Provincia y el Ministerio de Seguridad de la Naci\u00f3n.<\/p>\n\n\n\n<p>El ministro de Justicia y Trabajo, Juli\u00e1n L\u00f3pez, explic\u00f3 que el traslado se determin\u00f3&nbsp;\u201cen base a las disposiciones judiciales y a los informes de inteligencia criminal penitenciaria que indicaban que desde los establecimientos penitenciarios los internos segu\u00edan intentando delinquir\u201d.<\/p>\n\n\n\n<p>Los dos condenados, sindicatos como l\u00edderes de organizaciones criminales, continuar\u00e1n privados de la libertad en el establecimiento penitenciario Federal hasta que puedan ser trasladados al Centro de M\u00e1xima Seguridad (CEMAX), un establecimiento modelo para internos de \u201cAlto Perfil de Riesgo\u201d que se est\u00e1 erigiendo dentro Complejo Carcelario \u00abReverendo Francisco Luchesse\u00bb de Bouwer. La finalizaci\u00f3n de la obra se prev\u00e9 para el primer semestre del 2026.<\/p>\n\n\n\n<p><a href=\"https:\/\/www.facebook.com\/photo\/?fbid=1419542083510297&amp;set=pcb.1419542103510295&amp;__cft__[0]=AZVtF1zom825vQvllFlqzq_9B0BpP3by8uTB9DSQfCjJxCwmBxWP7aV8Op0Ls5PmT-2QyciDUAsxc7YyuwIWHQxFXgSTfKGKBhBdJ3y8MTCe3tQKaeZKLFe7fNYP5f-DO2a7uoEUsI6NFiuBoUR46MrfhSO00XAQX_zzB5jV5C2l83c6yM43QEe9N-Jo59wFD7M&amp;__tn__=*b0H-R\"><\/a><\/p>\n\n\n\n<figure class=\"wp-block-image\"><a href=\"https:\/\/www.facebook.com\/photo\/?fbid=1419542083510297&amp;set=pcb.1419542103510295&amp;__cft__[0]=AZVtF1zom825vQvllFlqzq_9B0BpP3by8uTB9DSQfCjJxCwmBxWP7aV8Op0Ls5PmT-2QyciDUAsxc7YyuwIWHQxFXgSTfKGKBhBdJ3y8MTCe3tQKaeZKLFe7fNYP5f-DO2a7uoEUsI6NFiuBoUR46MrfhSO00XAQX_zzB5jV5C2l83c6yM43QEe9N-Jo59wFD7M&amp;__tn__=*b0H-R\"><img decoding=\"async\" src=\"https:\/\/scontent.fcor10-4.fna.fbcdn.net\/v\/t51.82787-15\/574132575_18320348596243999_2558147284089152758_n.webp?stp=dst-jpg_s590x590_tt6&amp;_nc_cat=106&amp;ccb=1-7&amp;_nc_sid=127cfc&amp;_nc_eui2=AeGG-zHeyKowQ4tHN_jAf9K9VdrN7v6RqJ5V2s3u_pGonrvfgCvVsRcbzW6JCdkSeXM&amp;_nc_ohc=L_i7Ip_6IMgQ7kNvwFMy15F&amp;_nc_oc=AdmbPbXiApjGBHL-TBthg0ceiIurO3oQtu_p8-LTStZgXu0_bxVaFlwngvxNvZT1i3I&amp;_nc_zt=23&amp;_nc_ht=scontent.fcor10-4.fna&amp;_nc_gid=FHQ39bVCqKeEflBnq2t59w&amp;oh=00_AfiK7oSnWKcH9daIpJmnlFSo_ZGhtCrv1yCemZ-6qGByCg&amp;oe=6912E466\" alt=\"\"\/><\/a><\/figure>\n\n\n\n<p><a href=\"https:\/\/www.facebook.com\/photo\/?fbid=1419542080176964&amp;set=pcb.1419542103510295&amp;__cft__[0]=AZVtF1zom825vQvllFlqzq_9B0BpP3by8uTB9DSQfCjJxCwmBxWP7aV8Op0Ls5PmT-2QyciDUAsxc7YyuwIWHQxFXgSTfKGKBhBdJ3y8MTCe3tQKaeZKLFe7fNYP5f-DO2a7uoEUsI6NFiuBoUR46MrfhSO00XAQX_zzB5jV5C2l83c6yM43QEe9N-Jo59wFD7M&amp;__tn__=*b1H-R\"><\/a><\/p>\n\n\n\n<figure class=\"wp-block-image\"><a href=\"https:\/\/www.facebook.com\/photo\/?fbid=1419542080176964&amp;set=pcb.1419542103510295&amp;__cft__[0]=AZVtF1zom825vQvllFlqzq_9B0BpP3by8uTB9DSQfCjJxCwmBxWP7aV8Op0Ls5PmT-2QyciDUAsxc7YyuwIWHQxFXgSTfKGKBhBdJ3y8MTCe3tQKaeZKLFe7fNYP5f-DO2a7uoEUsI6NFiuBoUR46MrfhSO00XAQX_zzB5jV5C2l83c6yM43QEe9N-Jo59wFD7M&amp;__tn__=*b1H-R\"><img decoding=\"async\" src=\"https:\/\/scontent.fcor10-3.fna.fbcdn.net\/v\/t51.82787-15\/564928429_18320348605243999_1522092344344518748_n.webp?stp=dst-jpg_s590x590_tt6&amp;_nc_cat=105&amp;ccb=1-7&amp;_nc_sid=127cfc&amp;_nc_eui2=AeF9x--MLG9IGC4CnhXIoBLG1MdJ5KqqkZnUx0nkqqqRmc0xg2tsEHP03m1ktcXrTHs&amp;_nc_ohc=XL4MVrJlQ7kQ7kNvwHh1MAa&amp;_nc_oc=AdkvLoj0OOc_RzdTky1pfN96qPZj0i3bhVNVwirB_binofaX1IsfxuS9yeZjdcTzB0A&amp;_nc_zt=23&amp;_nc_ht=scontent.fcor10-3.fna&amp;_nc_gid=FHQ39bVCqKeEflBnq2t59w&amp;oh=00_AfjbNqH0IngZNfK1JCM5L0tPazxYydCXwkfmsl-ayTrlTQ&amp;oe=6912DB1F\" alt=\"\"\/><\/a><\/figure>\n","protected":false},"excerpt":{"rendered":"<p>Franco Artaza y Leandro Artaza continuar\u00e1n cumpliendo sus penas en Buenos Aires. Los traslados se realizan en virtud del Acuerdo de Alojamiento de Personas realizado entre el Ministerio de Justicia y el Ministerio de Seguridad de la Naci\u00f3n. El Servicio Penitenciario de la Provincia concret\u00f3 este jueves el traslado de dos internos de alto perfil [&hellip;]<\/p>\n","protected":false},"author":1,"featured_media":12575,"comment_status":"closed","ping_status":"closed","sticky":false,"template":"","format":"standard","meta":{"footnotes":""},"categories":[69],"tags":[345],"class_list":["post-12574","post","type-post","status-publish","format-standard","has-post-thumbnail","hentry","category-noticias","tag-destacar"],"_links":{"self":[{"href":"https:\/\/www.nextmultimedio.com\/index.php?rest_route=\/wp\/v2\/posts\/12574","targetHints":{"allow":["GET"]}}],"collection":[{"href":"https:\/\/www.nextmultimedio.com\/index.php?rest_route=\/wp\/v2\/posts"}],"about":[{"href":"https:\/\/www.nextmultimedio.com\/index.php?rest_route=\/wp\/v2\/types\/post"}],"author":[{"embeddable":true,"href":"https:\/\/www.nextmultimedio.com\/index.php?rest_route=\/wp\/v2\/users\/1"}],"replies":[{"embeddable":true,"href":"https:\/\/www.nextmultimedio.com\/index.php?rest_route=%2Fwp%2Fv2%2Fcomments&post=12574"}],"version-history":[{"count":1,"href":"https:\/\/www.nextmultimedio.com\/index.php?rest_route=\/wp\/v2\/posts\/12574\/revisions"}],"predecessor-version":[{"id":12576,"href":"https:\/\/www.nextmultimedio.com\/index.php?rest_route=\/wp\/v2\/posts\/12574\/revisions\/12576"}],"wp:featuredmedia":[{"embeddable":true,"href":"https:\/\/www.nextmultimedio.com\/index.php?rest_route=\/wp\/v2\/media\/12575"}],"wp:attachment":[{"href":"https:\/\/www.nextmultimedio.com\/index.php?rest_route=%2Fwp%2Fv2%2Fmedia&parent=12574"}],"wp:term":[{"taxonomy":"category","embeddable":true,"href":"https:\/\/www.nextmultimedio.com\/index.php?rest_route=%2Fwp%2Fv2%2Fcategories&post=12574"},{"taxonomy":"post_tag","embeddable":true,"href":"https:\/\/www.nextmultimedio.com\/index.php?rest_route=%2Fwp%2Fv2%2Ftags&post=12574"}],"curies":[{"name":"wp","href":"https:\/\/api.w.org\/{rel}","templated":true}]}}