{"id":12543,"date":"2025-11-04T17:07:27","date_gmt":"2025-11-04T20:07:27","guid":{"rendered":"https:\/\/www.nextmultimedio.com\/?p=12543"},"modified":"2025-11-04T17:07:28","modified_gmt":"2025-11-04T20:07:28","slug":"la-ciudad-celebro-el-4-de-noviembre-dia-de-la-identidad-carlospacense","status":"publish","type":"post","link":"https:\/\/www.nextmultimedio.com\/?p=12543","title":{"rendered":"LA CIUDAD CELEBR\u00d3 EL 4 DE NOVIEMBRE: D\u00cdA DE LA IDENTIDAD CARLOSPACENSE"},"content":{"rendered":"\n<figure class=\"wp-block-image size-large\"><img loading=\"lazy\" decoding=\"async\" width=\"1024\" height=\"576\" src=\"https:\/\/www.nextmultimedio.com\/wp-content\/uploads\/2025\/11\/3afa3a66-c15e-442a-b6e1-025a79b44f7f-1024x576.jpg\" alt=\"\" class=\"wp-image-12544\" srcset=\"https:\/\/www.nextmultimedio.com\/wp-content\/uploads\/2025\/11\/3afa3a66-c15e-442a-b6e1-025a79b44f7f-1024x576.jpg 1024w, https:\/\/www.nextmultimedio.com\/wp-content\/uploads\/2025\/11\/3afa3a66-c15e-442a-b6e1-025a79b44f7f-300x169.jpg 300w, https:\/\/www.nextmultimedio.com\/wp-content\/uploads\/2025\/11\/3afa3a66-c15e-442a-b6e1-025a79b44f7f-768x432.jpg 768w, https:\/\/www.nextmultimedio.com\/wp-content\/uploads\/2025\/11\/3afa3a66-c15e-442a-b6e1-025a79b44f7f.jpg 1280w\" sizes=\"auto, (max-width: 1024px) 100vw, 1024px\" \/><\/figure>\n\n\n\n<p>Con emoci\u00f3n y orgullo, Villa Carlos Paz celebr\u00f3 esta ma\u00f1ana el D\u00eda de la Identidad Carlospacense. En la oportunidad se llev\u00f3 a cabo por primera vez el izamiento de su bandera oficial, en el marco de este 4 de noviembre, una fecha especial donde se conmemora un nuevo aniversario del natalicio de Carlos Nicandro Paz y la concreci\u00f3n tambi\u00e9n de obras emblem\u00e1ticas de nuestra ciudad, como es el Canal de Riego, que llev\u00f3 agua del r\u00edo San Antonio a las primeras viviendas de la incipiente villa serrana.<br>La jornada rindi\u00f3 homenaje a la historia y a los valores que dieron origen a la ciudad. La celebraci\u00f3n se realiz\u00f3 en los Jardines Municipales y cont\u00f3 con la presencia del Intendente Esteban Avil\u00e9s, representantes de instituciones, establecimientos educativos y numerosos vecinos que se acercaron a compartir este momento hist\u00f3rico.<br>Cabe recordar que la bandera de Villa Carlos Paz fue creada en 2024, a trav\u00e9s de un concurso abierto a toda la comunidad, impulsado por la Comisi\u00f3n de Identidad Carlospacense y el Municipio.<\/p>\n\n\n\n<p>D\u00eda de la identidad carlospacense<br>La declaraci\u00f3n del 4 de noviembre como Asueto Administrativo Municipal fue establecida el a\u00f1o pasado, con el objetivo de revalorizar el natalicio de Carlos Nicandro Paz, fundador de la ciudad, y reconocer su legado en el desarrollo tur\u00edstico y cultural de Villa Carlos Paz.<\/p>\n\n\n\n<p><br>Este d\u00eda simboliza el esp\u00edritu pionero de quienes forjaron la comunidad, recordando obras fundamentales como el canal de riego, que permiti\u00f3 la habitabilidad de la regi\u00f3n y el crecimiento de la ciudad.<br>Al conmemorar estos hitos, Villa Carlos Paz reafirma su identidad y su proyecci\u00f3n como destino tur\u00edstico de excelencia, donde el patrimonio cultural, los paisajes naturales y la calidez de su gente siguen siendo los pilares que la representan ante el mundo.<\/p>\n\n\n\n<p><br>Durante el acto particip\u00f3 el Cuerpo de Bastoneras del IESS, abanderados de todas las escuelas, artistas del Departamento de Arte y Movimiento, el cantante carlospacense Pico Moyano, la Orquesta Sinf\u00f3nica de Villa Carlos Paz y el Coro del Centro Italiano.<\/p>\n\n\n\n<p><br>La ciudad se caracteriza por el impulso de sus instituciones que han forjado nuestra identidad. Con motivo de conmemorarse esta fecha hist\u00f3rica, el Centro Filat\u00e9lico y Numism\u00e1tico de Villa Carlos Paz, fundado el 15 de septiembre de 1963, cre\u00f3 la \u201cMedalla de Villa Carlos Paz\u201d y le hizo entrega al Intendente Esteban Avil\u00e9s.<\/p>\n\n\n\n<p><br>La medalla conmemora el primer izamiento de nuestra bandera oficial. En su frente est\u00e1 la bandera grabada con relieve, mientras que el dorso es el frente del Palacio Municipal junto a los m\u00e1stiles con las insignias nacional, provincial y local.<br>Estas medallas van a ser entregadas pr\u00f3ximamente a las instituciones educativas de nuestra ciudad.<br>En un momento muy especial, se realiz\u00f3 un emotivo homenaje a Ernesto Yndio Montesinos, periodista, impulsor del Movimiento NYC y de esta fecha tan importante para todos. Familiares, junto al Intendente, descubrieron la placa en honor al querido &#8220;Yndio&#8221;.<\/p>\n","protected":false},"excerpt":{"rendered":"<p>Con emoci\u00f3n y orgullo, Villa Carlos Paz celebr\u00f3 esta ma\u00f1ana el D\u00eda de la Identidad Carlospacense. En la oportunidad se llev\u00f3 a cabo por primera vez el izamiento de su bandera oficial, en el marco de este 4 de noviembre, una fecha especial donde se conmemora un nuevo aniversario del natalicio de Carlos Nicandro Paz [&hellip;]<\/p>\n","protected":false},"author":1,"featured_media":12544,"comment_status":"closed","ping_status":"closed","sticky":false,"template":"","format":"standard","meta":{"footnotes":""},"categories":[69],"tags":[345],"class_list":["post-12543","post","type-post","status-publish","format-standard","has-post-thumbnail","hentry","category-noticias","tag-destacar"],"_links":{"self":[{"href":"https:\/\/www.nextmultimedio.com\/index.php?rest_route=\/wp\/v2\/posts\/12543","targetHints":{"allow":["GET"]}}],"collection":[{"href":"https:\/\/www.nextmultimedio.com\/index.php?rest_route=\/wp\/v2\/posts"}],"about":[{"href":"https:\/\/www.nextmultimedio.com\/index.php?rest_route=\/wp\/v2\/types\/post"}],"author":[{"embeddable":true,"href":"https:\/\/www.nextmultimedio.com\/index.php?rest_route=\/wp\/v2\/users\/1"}],"replies":[{"embeddable":true,"href":"https:\/\/www.nextmultimedio.com\/index.php?rest_route=%2Fwp%2Fv2%2Fcomments&post=12543"}],"version-history":[{"count":1,"href":"https:\/\/www.nextmultimedio.com\/index.php?rest_route=\/wp\/v2\/posts\/12543\/revisions"}],"predecessor-version":[{"id":12545,"href":"https:\/\/www.nextmultimedio.com\/index.php?rest_route=\/wp\/v2\/posts\/12543\/revisions\/12545"}],"wp:featuredmedia":[{"embeddable":true,"href":"https:\/\/www.nextmultimedio.com\/index.php?rest_route=\/wp\/v2\/media\/12544"}],"wp:attachment":[{"href":"https:\/\/www.nextmultimedio.com\/index.php?rest_route=%2Fwp%2Fv2%2Fmedia&parent=12543"}],"wp:term":[{"taxonomy":"category","embeddable":true,"href":"https:\/\/www.nextmultimedio.com\/index.php?rest_route=%2Fwp%2Fv2%2Fcategories&post=12543"},{"taxonomy":"post_tag","embeddable":true,"href":"https:\/\/www.nextmultimedio.com\/index.php?rest_route=%2Fwp%2Fv2%2Ftags&post=12543"}],"curies":[{"name":"wp","href":"https:\/\/api.w.org\/{rel}","templated":true}]}}