{"id":12527,"date":"2025-11-02T20:06:40","date_gmt":"2025-11-02T23:06:40","guid":{"rendered":"https:\/\/www.nextmultimedio.com\/?p=12527"},"modified":"2025-11-02T20:06:41","modified_gmt":"2025-11-02T23:06:41","slug":"carlos-paz-vivio-una-fiesta-del-deporte-y-la-familia","status":"publish","type":"post","link":"https:\/\/www.nextmultimedio.com\/?p=12527","title":{"rendered":"CARLOS PAZ  VIVI\u00d3 UNA FIESTA DEL DEPORTE Y LA FAMILIA"},"content":{"rendered":"\n<figure class=\"wp-block-image size-large\"><img loading=\"lazy\" decoding=\"async\" width=\"1024\" height=\"576\" src=\"https:\/\/www.nextmultimedio.com\/wp-content\/uploads\/2025\/11\/574331398_1385216639661577_9053484198943289394_n-1024x576.jpg\" alt=\"\" class=\"wp-image-12528\" srcset=\"https:\/\/www.nextmultimedio.com\/wp-content\/uploads\/2025\/11\/574331398_1385216639661577_9053484198943289394_n-1024x576.jpg 1024w, https:\/\/www.nextmultimedio.com\/wp-content\/uploads\/2025\/11\/574331398_1385216639661577_9053484198943289394_n-300x169.jpg 300w, https:\/\/www.nextmultimedio.com\/wp-content\/uploads\/2025\/11\/574331398_1385216639661577_9053484198943289394_n-768x432.jpg 768w, https:\/\/www.nextmultimedio.com\/wp-content\/uploads\/2025\/11\/574331398_1385216639661577_9053484198943289394_n-1536x864.jpg 1536w, https:\/\/www.nextmultimedio.com\/wp-content\/uploads\/2025\/11\/574331398_1385216639661577_9053484198943289394_n.jpg 2048w\" sizes=\"auto, (max-width: 1024px) 100vw, 1024px\" \/><\/figure>\n\n\n\n<p>La <a><\/a>Marat\u00f3n por nuestra Identidad \u201cCarlos Nicandro Paz\u201d reuni\u00f3 a m\u00e1s de 700 familias en el Parque de Asistencia, donde la costa del lago fue escenario de una jornada llena de color, alegr\u00eda y esp\u00edritu deportivo.<\/p>\n\n\n\n<p>Con distancias de 2K y 5K y una competitiva de 10K, la propuesta convoc\u00f3 a participantes de todas las edades que disfrutaron de una tarde \u00fanica junto a la comunidad.<\/p>\n\n\n\n<p> La actividad se enmarc\u00f3 en la agenda cultural, deportiva y recreativa en homenaje a nuestra ciudad y a su fundador, Carlos Nicandro Paz.<\/p>\n\n\n\n<figure class=\"wp-block-image size-large\"><img loading=\"lazy\" decoding=\"async\" width=\"1024\" height=\"683\" src=\"https:\/\/www.nextmultimedio.com\/wp-content\/uploads\/2025\/11\/576660587_1385216666328241_1971523215487110970_n-1024x683.jpg\" alt=\"\" class=\"wp-image-12529\" srcset=\"https:\/\/www.nextmultimedio.com\/wp-content\/uploads\/2025\/11\/576660587_1385216666328241_1971523215487110970_n-1024x683.jpg 1024w, https:\/\/www.nextmultimedio.com\/wp-content\/uploads\/2025\/11\/576660587_1385216666328241_1971523215487110970_n-300x200.jpg 300w, https:\/\/www.nextmultimedio.com\/wp-content\/uploads\/2025\/11\/576660587_1385216666328241_1971523215487110970_n-768x512.jpg 768w, https:\/\/www.nextmultimedio.com\/wp-content\/uploads\/2025\/11\/576660587_1385216666328241_1971523215487110970_n-1536x1024.jpg 1536w, https:\/\/www.nextmultimedio.com\/wp-content\/uploads\/2025\/11\/576660587_1385216666328241_1971523215487110970_n.jpg 2048w\" sizes=\"auto, (max-width: 1024px) 100vw, 1024px\" \/><\/figure>\n","protected":false},"excerpt":{"rendered":"<p>La Marat\u00f3n por nuestra Identidad \u201cCarlos Nicandro Paz\u201d reuni\u00f3 a m\u00e1s de 700 familias en el Parque de Asistencia, donde la costa del lago fue escenario de una jornada llena de color, alegr\u00eda y esp\u00edritu deportivo. Con distancias de 2K y 5K y una competitiva de 10K, la propuesta convoc\u00f3 a participantes de todas las [&hellip;]<\/p>\n","protected":false},"author":1,"featured_media":12528,"comment_status":"closed","ping_status":"closed","sticky":false,"template":"","format":"standard","meta":{"footnotes":""},"categories":[69],"tags":[345],"class_list":["post-12527","post","type-post","status-publish","format-standard","has-post-thumbnail","hentry","category-noticias","tag-destacar"],"_links":{"self":[{"href":"https:\/\/www.nextmultimedio.com\/index.php?rest_route=\/wp\/v2\/posts\/12527","targetHints":{"allow":["GET"]}}],"collection":[{"href":"https:\/\/www.nextmultimedio.com\/index.php?rest_route=\/wp\/v2\/posts"}],"about":[{"href":"https:\/\/www.nextmultimedio.com\/index.php?rest_route=\/wp\/v2\/types\/post"}],"author":[{"embeddable":true,"href":"https:\/\/www.nextmultimedio.com\/index.php?rest_route=\/wp\/v2\/users\/1"}],"replies":[{"embeddable":true,"href":"https:\/\/www.nextmultimedio.com\/index.php?rest_route=%2Fwp%2Fv2%2Fcomments&post=12527"}],"version-history":[{"count":1,"href":"https:\/\/www.nextmultimedio.com\/index.php?rest_route=\/wp\/v2\/posts\/12527\/revisions"}],"predecessor-version":[{"id":12530,"href":"https:\/\/www.nextmultimedio.com\/index.php?rest_route=\/wp\/v2\/posts\/12527\/revisions\/12530"}],"wp:featuredmedia":[{"embeddable":true,"href":"https:\/\/www.nextmultimedio.com\/index.php?rest_route=\/wp\/v2\/media\/12528"}],"wp:attachment":[{"href":"https:\/\/www.nextmultimedio.com\/index.php?rest_route=%2Fwp%2Fv2%2Fmedia&parent=12527"}],"wp:term":[{"taxonomy":"category","embeddable":true,"href":"https:\/\/www.nextmultimedio.com\/index.php?rest_route=%2Fwp%2Fv2%2Fcategories&post=12527"},{"taxonomy":"post_tag","embeddable":true,"href":"https:\/\/www.nextmultimedio.com\/index.php?rest_route=%2Fwp%2Fv2%2Ftags&post=12527"}],"curies":[{"name":"wp","href":"https:\/\/api.w.org\/{rel}","templated":true}]}}