{"id":12497,"date":"2025-10-30T17:10:22","date_gmt":"2025-10-30T20:10:22","guid":{"rendered":"https:\/\/www.nextmultimedio.com\/?p=12497"},"modified":"2025-10-30T17:10:23","modified_gmt":"2025-10-30T20:10:23","slug":"cordobala-policia-detuvo-a-un-hombre-buscado-en-santa-fe-por-integrar-una-banda-delictiva","status":"publish","type":"post","link":"https:\/\/www.nextmultimedio.com\/?p=12497","title":{"rendered":"C\u00d3RDOBA:LA POLIC\u00cdA DETUVO A UN HOMBRE BUSCADO EN SANTA FE POR INTEGRAR UNA BANDA DELICTIVA"},"content":{"rendered":"\n<figure class=\"wp-block-image size-large\"><img loading=\"lazy\" decoding=\"async\" width=\"824\" height=\"1024\" src=\"https:\/\/www.nextmultimedio.com\/wp-content\/uploads\/2025\/10\/572915478_18319431568243999_5770373358779938107_n-824x1024.jpg\" alt=\"\" class=\"wp-image-12498\" srcset=\"https:\/\/www.nextmultimedio.com\/wp-content\/uploads\/2025\/10\/572915478_18319431568243999_5770373358779938107_n-824x1024.jpg 824w, https:\/\/www.nextmultimedio.com\/wp-content\/uploads\/2025\/10\/572915478_18319431568243999_5770373358779938107_n-241x300.jpg 241w, https:\/\/www.nextmultimedio.com\/wp-content\/uploads\/2025\/10\/572915478_18319431568243999_5770373358779938107_n-768x955.jpg 768w, https:\/\/www.nextmultimedio.com\/wp-content\/uploads\/2025\/10\/572915478_18319431568243999_5770373358779938107_n-1236x1536.jpg 1236w, https:\/\/www.nextmultimedio.com\/wp-content\/uploads\/2025\/10\/572915478_18319431568243999_5770373358779938107_n.jpg 1440w\" sizes=\"auto, (max-width: 824px) 100vw, 824px\" \/><\/figure>\n\n\n\n<p>El detenido, de 32 a\u00f1os, ten\u00eda pedido de captura por asociaci\u00f3n il\u00edcita y robo calificado. Fue interceptado en un control policial en barrio General Mosconi mientras circulaba en un Ford Fiesta con documentaci\u00f3n falsa, celulares y dinero en efectivo._<\/p>\n\n\n\n<p>En la tarde del mi\u00e9rcoles, personal policial de la ciudad de C\u00f3rdoba detuvo a un hombre de 32 a\u00f1os que era intensamente buscado por la Justicia de Santa Fe por delitos de asociaci\u00f3n il\u00edcita en car\u00e1cter de jefe y robo calificado en poblado y en banda (escruche).<\/p>\n\n\n\n<p>El procedimiento tuvo lugar en la intersecci\u00f3n de las calles Pedro Na\u00f3n y Juan A. Gelly y Obes, donde efectivos que realizaban un control preventivo identificaron al sospechoso a bordo de un Ford Fiesta.<\/p>\n\n\n\n<p>Al verificar los datos en el Sistema Federal de Comunicaciones Policiales (Sifcop), se activ\u00f3 una alerta por el pedido judicial vigente. Durante la requisa del veh\u00edculo, se incautaron tres tel\u00e9fonos celulares, documentaci\u00f3n ap\u00f3crifa y una suma de dinero.<\/p>\n\n\n\n<p>El hombre fue trasladado a sede policial junto con los elementos secuestrados y qued\u00f3 a disposici\u00f3n de la Justicia.<\/p>\n\n\n\n<p><a href=\"https:\/\/www.facebook.com\/photo\/?fbid=1412453514219154&amp;set=pcb.1412453544219151&amp;__cft__[0]=AZUppHmDRpGd3DLmKhVfAAgdVx88e4GLC4CUZKNA6oeOcQKBWsfoqXbI6WQgkcmCLN0fD02DvU0LKc-8RTPBNfuLznnSLyQ-Cs-6Q0wzW-U6MZypM6f4isMV7xI3jZ5s8POawa7zqJlHqygRkhu6mMY0PFpzDE_iStS6Kt18TgBgVHexJ-2lhFNx5StSu7P-j64&amp;__tn__=*b0H-R\"><\/a><\/p>\n\n\n\n<figure class=\"wp-block-image\"><a href=\"https:\/\/www.facebook.com\/photo\/?fbid=1412453514219154&amp;set=pcb.1412453544219151&amp;__cft__[0]=AZUppHmDRpGd3DLmKhVfAAgdVx88e4GLC4CUZKNA6oeOcQKBWsfoqXbI6WQgkcmCLN0fD02DvU0LKc-8RTPBNfuLznnSLyQ-Cs-6Q0wzW-U6MZypM6f4isMV7xI3jZ5s8POawa7zqJlHqygRkhu6mMY0PFpzDE_iStS6Kt18TgBgVHexJ-2lhFNx5StSu7P-j64&amp;__tn__=*b0H-R\"><img decoding=\"async\" src=\"https:\/\/scontent.fcor10-3.fna.fbcdn.net\/v\/t51.82787-15\/572915478_18319431568243999_5770373358779938107_n.webp?stp=dst-jpg_s590x590_tt6&amp;_nc_cat=105&amp;ccb=1-7&amp;_nc_sid=127cfc&amp;_nc_eui2=AeFZz5ROWkM-jmlI6AitbNRK7xnyhaJsP-HvGfKFomw_4bhbbnkdYacneq5DcFNHUdY&amp;_nc_ohc=74jahG1g_YgQ7kNvwG6ZwBG&amp;_nc_oc=AdnQtaJXD7tpHyi-0X3dg6jMzoauokfIaylgs4UzbXD8zprklWgMoYJciEXu7bdwLeE&amp;_nc_zt=23&amp;_nc_ht=scontent.fcor10-3.fna&amp;_nc_gid=PWILFqnBkmoAHEckoCERtw&amp;oh=00_Afe8MaMP9J5K7hDg72u2exhsw1DCMpksLAfVpyixHCfMWA&amp;oe=69097BEB\" alt=\"\"\/><\/a><\/figure>\n\n\n\n<p><a href=\"https:\/\/www.facebook.com\/photo\/?fbid=1412453517552487&amp;set=pcb.1412453544219151&amp;__cft__[0]=AZUppHmDRpGd3DLmKhVfAAgdVx88e4GLC4CUZKNA6oeOcQKBWsfoqXbI6WQgkcmCLN0fD02DvU0LKc-8RTPBNfuLznnSLyQ-Cs-6Q0wzW-U6MZypM6f4isMV7xI3jZ5s8POawa7zqJlHqygRkhu6mMY0PFpzDE_iStS6Kt18TgBgVHexJ-2lhFNx5StSu7P-j64&amp;__tn__=*b1H-R\"><\/a><\/p>\n\n\n\n<figure class=\"wp-block-image\"><a href=\"https:\/\/www.facebook.com\/photo\/?fbid=1412453517552487&amp;set=pcb.1412453544219151&amp;__cft__[0]=AZUppHmDRpGd3DLmKhVfAAgdVx88e4GLC4CUZKNA6oeOcQKBWsfoqXbI6WQgkcmCLN0fD02DvU0LKc-8RTPBNfuLznnSLyQ-Cs-6Q0wzW-U6MZypM6f4isMV7xI3jZ5s8POawa7zqJlHqygRkhu6mMY0PFpzDE_iStS6Kt18TgBgVHexJ-2lhFNx5StSu7P-j64&amp;__tn__=*b1H-R\"><img decoding=\"async\" src=\"https:\/\/scontent.fcor10-3.fna.fbcdn.net\/v\/t51.82787-15\/571285831_18319431577243999_7606724773645257425_n.webp?stp=dst-jpg_s590x590_tt6&amp;_nc_cat=101&amp;ccb=1-7&amp;_nc_sid=127cfc&amp;_nc_eui2=AeH19vT28XFpd_uEGh7cKgoKIfqYosof32oh-piiyh_fauJXJOkcRiwN4FzrffIM8ow&amp;_nc_ohc=Jvtc1Y2ZW8AQ7kNvwH3We3v&amp;_nc_oc=Adl1PVM5xZGCLcMuqeexSD-SeAsFonz9TAsBGheYCXxQFu_JCT9km36CIo85voTSdo4&amp;_nc_zt=23&amp;_nc_ht=scontent.fcor10-3.fna&amp;_nc_gid=PWILFqnBkmoAHEckoCERtw&amp;oh=00_AfcA_HmYmaoRnrSY0qEB13rU3J8fLPo_j32P6_RDBAgbag&amp;oe=69099244\" alt=\"\"\/><\/a><\/figure>\n","protected":false},"excerpt":{"rendered":"<p>El detenido, de 32 a\u00f1os, ten\u00eda pedido de captura por asociaci\u00f3n il\u00edcita y robo calificado. Fue interceptado en un control policial en barrio General Mosconi mientras circulaba en un Ford Fiesta con documentaci\u00f3n falsa, celulares y dinero en efectivo._ En la tarde del mi\u00e9rcoles, personal policial de la ciudad de C\u00f3rdoba detuvo a un hombre [&hellip;]<\/p>\n","protected":false},"author":1,"featured_media":12498,"comment_status":"closed","ping_status":"closed","sticky":false,"template":"","format":"standard","meta":{"footnotes":""},"categories":[69],"tags":[345],"class_list":["post-12497","post","type-post","status-publish","format-standard","has-post-thumbnail","hentry","category-noticias","tag-destacar"],"_links":{"self":[{"href":"https:\/\/www.nextmultimedio.com\/index.php?rest_route=\/wp\/v2\/posts\/12497","targetHints":{"allow":["GET"]}}],"collection":[{"href":"https:\/\/www.nextmultimedio.com\/index.php?rest_route=\/wp\/v2\/posts"}],"about":[{"href":"https:\/\/www.nextmultimedio.com\/index.php?rest_route=\/wp\/v2\/types\/post"}],"author":[{"embeddable":true,"href":"https:\/\/www.nextmultimedio.com\/index.php?rest_route=\/wp\/v2\/users\/1"}],"replies":[{"embeddable":true,"href":"https:\/\/www.nextmultimedio.com\/index.php?rest_route=%2Fwp%2Fv2%2Fcomments&post=12497"}],"version-history":[{"count":1,"href":"https:\/\/www.nextmultimedio.com\/index.php?rest_route=\/wp\/v2\/posts\/12497\/revisions"}],"predecessor-version":[{"id":12499,"href":"https:\/\/www.nextmultimedio.com\/index.php?rest_route=\/wp\/v2\/posts\/12497\/revisions\/12499"}],"wp:featuredmedia":[{"embeddable":true,"href":"https:\/\/www.nextmultimedio.com\/index.php?rest_route=\/wp\/v2\/media\/12498"}],"wp:attachment":[{"href":"https:\/\/www.nextmultimedio.com\/index.php?rest_route=%2Fwp%2Fv2%2Fmedia&parent=12497"}],"wp:term":[{"taxonomy":"category","embeddable":true,"href":"https:\/\/www.nextmultimedio.com\/index.php?rest_route=%2Fwp%2Fv2%2Fcategories&post=12497"},{"taxonomy":"post_tag","embeddable":true,"href":"https:\/\/www.nextmultimedio.com\/index.php?rest_route=%2Fwp%2Fv2%2Ftags&post=12497"}],"curies":[{"name":"wp","href":"https:\/\/api.w.org\/{rel}","templated":true}]}}